{"id":4760,"date":"2026-08-09T13:44:57","date_gmt":"2026-08-09T17:44:57","guid":{"rendered":"https:\/\/sinfullymag.com\/?p=4760"},"modified":"2026-08-10T09:07:23","modified_gmt":"2026-08-10T13:07:23","slug":"cultura-rapa-nui-ivi-tupuna-tapati","status":"publish","type":"post","link":"https:\/\/sinfullymag.com\/en_us\/cultura-rapa-nui-ivi-tupuna-tapati\/","title":{"rendered":"Cuando los ancestros regresan: memoria, territorio y cultura viva en Rapa Nui"},"content":{"rendered":"<div class=\"wp-block-group meraki-editorial-root is-layout-flow wp-block-group-is-layout-flow\">\n<div class=\"wp-block-group meraki-hero meraki-hero--contain is-layout-flow wp-block-group-is-layout-flow\">\n<figure class=\"wp-block-image size-full meraki-hero-media\"><img decoding=\"async\" width=\"1536\" height=\"1024\" src=\"https:\/\/sinfullymag.com\/wp-content\/uploads\/cuando-los-ancestros-regresan-memoria-territorio-y-cultura-viva-en-rapa-nui-h1-imagen-destacada-4.jpg\" alt=\"Ilustraci\u00f3n conceptual IA \u00b7 H1 \/ Imagen destacada\" class=\"wp-image-4796\" srcset=\"https:\/\/sinfullymag.com\/wp-content\/uploads\/cuando-los-ancestros-regresan-memoria-territorio-y-cultura-viva-en-rapa-nui-h1-imagen-destacada-4.jpg 1536w, https:\/\/sinfullymag.com\/wp-content\/uploads\/cuando-los-ancestros-regresan-memoria-territorio-y-cultura-viva-en-rapa-nui-h1-imagen-destacada-4-300x200.jpg 300w, https:\/\/sinfullymag.com\/wp-content\/uploads\/cuando-los-ancestros-regresan-memoria-territorio-y-cultura-viva-en-rapa-nui-h1-imagen-destacada-4-1024x683.jpg 1024w, https:\/\/sinfullymag.com\/wp-content\/uploads\/cuando-los-ancestros-regresan-memoria-territorio-y-cultura-viva-en-rapa-nui-h1-imagen-destacada-4-768x512.jpg 768w\" sizes=\"(max-width: 1536px) 100vw, 1536px\" \/><figcaption class=\"wp-element-caption meraki-hero-caption\">Ilustraci\u00f3n editorial generada. Imagen de apoyo generada con IA para ayudar a contextualizar el art\u00edculo. No corresponde a un registro documental del hecho.<\/figcaption><\/figure>\n<\/div>\n\n\n\n<div class=\"wp-block-group meraki-reading-column is-layout-flow wp-block-group-is-layout-flow\">\n<p class=\"meraki-kicker wp-block-paragraph\">Current events<\/p>\n\n\n\n<h1 class=\"wp-block-heading meraki-h1\">Cuando los ancestros regresan: memoria, territorio y cultura viva en Rapa Nui<\/h1>\n\n\n\n<p class=\"meraki-dek wp-block-paragraph\">Despu\u00e9s de m\u00e1s de un siglo fuera de su territorio, 17 Ivi Tupuna regresaron a Rapa Nui.<\/p>\n\n\n\n<p class=\"meraki-intro-paragraph wp-block-paragraph\">El regreso de los Ivi Tupuna abre una conversaci\u00f3n sobre restituci\u00f3n, territorio y una cultura que no permanece viva solo en los objetos, sino tambi\u00e9n en las pr\u00e1cticas, los cuerpos, la lengua y los conocimientos que contin\u00faan pasando de una generaci\u00f3n a otra. Durante m\u00e1s de un siglo, parte de los ancestros del pueblo Rapa Nui permaneci\u00f3 lejos de su territorio. En julio de 2026, 17 Ivi Tupuna y una muestra de cabello humano que se encontraban en el Australian Museum emprendieron el regreso desde Australia.<\/p>\n\n\n\n<p class=\"meraki-intro-paragraph wp-block-paragraph\">Hab\u00edan sido retirados de sitios funerarios sagrados de Rano Raraku durante una expedici\u00f3n naval alemana en septiembre de 1882 y adquiridos por el museo australiano al a\u00f1o siguiente. El viaje termin\u00f3 en julio, cuando los Ivi Tupuna llegaron a Rapa Nui y fueron recibidos en una ceremonia tradicional. La restituci\u00f3n puede registrarse mediante fechas, inventarios, traslados y protocolos.<\/p>\n\n\n\n<p class=\"meraki-intro-paragraph wp-block-paragraph\">Pero su sentido m\u00e1s profundo comienza en otra parte. No son objetos que regresan a una colecci\u00f3n distinta. Son ancestros que vuelven a su territorio.<\/p>\n\n\n\n<section class=\"wp-block-group meraki-section meraki-section--inline meraki-section--h2 is-layout-flow wp-block-group-is-layout-flow\">\n\n<h2 class=\"meraki-h2 wp-block-heading\">Un regreso despu\u00e9s de 144 a\u00f1os<\/h2>\n\n\n<p class=\"wp-block-paragraph\">Los restos ancestrales fueron retirados de Rano Raraku en 1882 dentro de un contexto colonial en el que museos, universidades y coleccionistas de distintos pa\u00edses reun\u00edan cuerpos humanos, objetos ceremoniales y materiales culturales provenientes de pueblos ind\u00edgenas. El propio Australian Museum ha reconocido que aquella extracci\u00f3n ocurri\u00f3 sin consentimiento y que form\u00f3 parte de un sistema que produjo da\u00f1os profundos y duraderos. La instituci\u00f3n pidi\u00f3 disculpas y desarroll\u00f3 el proceso de restituci\u00f3n junto con representantes Rapa Nui.<\/p>\n\n\n<figure class=\"wp-block-image size-large meraki-story-image\"><img decoding=\"async\" width=\"600\" height=\"400\" src=\"https:\/\/sinfullymag.com\/wp-content\/uploads\/cuando-los-ancestros-regresan-memoria-territorio-y-cultura-viva-en-rapa-nui-h2-un-regreso-despues-de-144-anos-2.jpg\" alt=\"H2: Un regreso despu\u00e9s de 144 a\u00f1os\" class=\"wp-image-4797\" srcset=\"https:\/\/sinfullymag.com\/wp-content\/uploads\/cuando-los-ancestros-regresan-memoria-territorio-y-cultura-viva-en-rapa-nui-h2-un-regreso-despues-de-144-anos-2.jpg 600w, https:\/\/sinfullymag.com\/wp-content\/uploads\/cuando-los-ancestros-regresan-memoria-territorio-y-cultura-viva-en-rapa-nui-h2-un-regreso-despues-de-144-anos-2-300x200.jpg 300w\" sizes=\"(max-width: 600px) 100vw, 600px\" \/><figcaption class=\"wp-element-caption\">Archivo noticioso recuperado por internet<\/figcaption><\/figure>\n\n\n<p class=\"wp-block-paragraph\">El regreso no borra lo ocurrido. Tampoco puede deshacer m\u00e1s de un siglo de ausencia. Pero cambia algo fundamental: reconoce que corresponde al propio pueblo Rapa Nui determinar c\u00f3mo deben ser cuidados sus ancestros y qu\u00e9 relaci\u00f3n quiere establecer con los bienes culturales que fueron retirados de su territorio.<\/p>\n\n<\/section>\n\n\n\n<section class=\"wp-block-group meraki-section meraki-section--inline meraki-section--h2 is-layout-flow wp-block-group-is-layout-flow\">\n\n<h2 class=\"meraki-h2 wp-block-heading\">Restituir es tambi\u00e9n reconocer<\/h2>\n\n\n<p class=\"wp-block-paragraph\">La palabra restituci\u00f3n contiene algo que una simple devoluci\u00f3n no alcanza a expresar. Devolver describe un movimiento f\u00edsico. Restituir supone reconocer que exist\u00eda una relaci\u00f3n alterada, un derecho vulnerado o una pertenencia que nunca dej\u00f3 de existir.<\/p>\n\n\n<figure class=\"wp-block-image size-large meraki-story-image\"><img decoding=\"async\" width=\"1024\" height=\"576\" src=\"https:\/\/sinfullymag.com\/wp-content\/uploads\/cuando-los-ancestros-regresan-memoria-territorio-y-cultura-viva-en-rapa-nui-h2-restituir-es-tambien-reconocer-2-1024x576.jpg\" alt=\"H2: Restituir es tambi\u00e9n reconocer\" class=\"wp-image-4798\" srcset=\"https:\/\/sinfullymag.com\/wp-content\/uploads\/cuando-los-ancestros-regresan-memoria-territorio-y-cultura-viva-en-rapa-nui-h2-restituir-es-tambien-reconocer-2-1024x576.jpg 1024w, https:\/\/sinfullymag.com\/wp-content\/uploads\/cuando-los-ancestros-regresan-memoria-territorio-y-cultura-viva-en-rapa-nui-h2-restituir-es-tambien-reconocer-2-300x169.jpg 300w, https:\/\/sinfullymag.com\/wp-content\/uploads\/cuando-los-ancestros-regresan-memoria-territorio-y-cultura-viva-en-rapa-nui-h2-restituir-es-tambien-reconocer-2-768x432.jpg 768w, https:\/\/sinfullymag.com\/wp-content\/uploads\/cuando-los-ancestros-regresan-memoria-territorio-y-cultura-viva-en-rapa-nui-h2-restituir-es-tambien-reconocer-2.jpg 1200w\" sizes=\"(max-width: 1024px) 100vw, 1024px\" \/><figcaption class=\"wp-element-caption\">Archivo noticioso recuperado por internet<\/figcaption><\/figure>\n\n\n<p class=\"wp-block-paragraph\">Rapa Nui lleva d\u00e9cadas impulsando ese proceso. En noviembre de 2024 regresaron desde el Museo Kon-Tiki de Noruega 17 cr\u00e1neos y cerca de 600 fragmentos \u00f3seos. La restituci\u00f3n fue resultado de a\u00f1os de gestiones y de una demanda sostenida desde Rapa Nui.<\/p>\n\n\n<p class=\"wp-block-paragraph\">Estas acciones forman parte de una historia mayor de repatriaci\u00f3n y cuidado de Ivi Tupuna y patrimonio retirado de la isla. La restituci\u00f3n no consiste solamente en corregir un inventario. Busca recomponer una relaci\u00f3n.<\/p>\n\n<\/section>\n\n\n\n<blockquote class=\"wp-block-quote meraki-pullquote is-layout-flow wp-block-quote-is-layout-flow\">\n<p class=\"wp-block-paragraph\">Pero su sentido m\u00e1s profundo comienza en otra parte. No son objetos que regresan a una colecci\u00f3n distinta. Son ancestros que vuelven a su territorio.<\/p>\n<\/blockquote>\n\n\n\n<section class=\"wp-block-group meraki-section meraki-section--gallery meraki-section--h2 is-layout-flow wp-block-group-is-layout-flow\">\n\n<h2 class=\"meraki-h2 wp-block-heading\">La cultura no vive solamente en los objetos<\/h2>\n\n\n<p class=\"wp-block-paragraph\">Es f\u00e1cil pensar la cultura como aquello que queda resguardado en un museo, un monumento o un archivo. En Rapa Nui esa mirada resulta insuficiente. La cultura tambi\u00e9n vive en una lengua, una t\u00e9cnica aprendida observando, una historia transmitida dentro de una familia, una forma de preparar un material, un movimiento del cuerpo, una pintura, un canto o una relaci\u00f3n determinada con el territorio.<\/p>\n\n\n<div class=\"wp-block-columns meraki-diptych is-layout-flex wp-container-core-columns-is-layout-995f960e wp-block-columns-is-layout-flex\">\n\n<div class=\"wp-block-column is-layout-flow wp-block-column-is-layout-flow\">\n\n<figure class=\"wp-block-image size-large meraki-story-image\"><img decoding=\"async\" width=\"397\" height=\"503\" src=\"https:\/\/sinfullymag.com\/wp-content\/uploads\/cuando-los-ancestros-regresan-memoria-territorio-y-cultura-viva-en-rapa-nui-h2-la-cultura-no-vive-solamente-en-los-objet-6.jpg\" alt=\"H2: La cultura no vive solamente en los objetos\" class=\"wp-image-4799\" srcset=\"https:\/\/sinfullymag.com\/wp-content\/uploads\/cuando-los-ancestros-regresan-memoria-territorio-y-cultura-viva-en-rapa-nui-h2-la-cultura-no-vive-solamente-en-los-objet-6.jpg 397w, https:\/\/sinfullymag.com\/wp-content\/uploads\/cuando-los-ancestros-regresan-memoria-territorio-y-cultura-viva-en-rapa-nui-h2-la-cultura-no-vive-solamente-en-los-objet-6-237x300.jpg 237w\" sizes=\"(max-width: 397px) 100vw, 397px\" \/><figcaption class=\"wp-element-caption\">Archivo noticioso recuperado por internet<\/figcaption><\/figure>\n\n<\/div>\n\n\n<div class=\"wp-block-column is-layout-flow wp-block-column-is-layout-flow\">\n\n<figure class=\"wp-block-image size-large meraki-story-image\"><img decoding=\"async\" width=\"1024\" height=\"538\" src=\"https:\/\/sinfullymag.com\/wp-content\/uploads\/cuando-los-ancestros-regresan-memoria-territorio-y-cultura-viva-en-rapa-nui-h2-la-cultura-no-vive-solamente-en-los-objet-7-1024x538.jpg\" alt=\"H2: La cultura no vive solamente en los objetos\" class=\"wp-image-4800\" srcset=\"https:\/\/sinfullymag.com\/wp-content\/uploads\/cuando-los-ancestros-regresan-memoria-territorio-y-cultura-viva-en-rapa-nui-h2-la-cultura-no-vive-solamente-en-los-objet-7-1024x538.jpg 1024w, https:\/\/sinfullymag.com\/wp-content\/uploads\/cuando-los-ancestros-regresan-memoria-territorio-y-cultura-viva-en-rapa-nui-h2-la-cultura-no-vive-solamente-en-los-objet-7-300x158.jpg 300w, https:\/\/sinfullymag.com\/wp-content\/uploads\/cuando-los-ancestros-regresan-memoria-territorio-y-cultura-viva-en-rapa-nui-h2-la-cultura-no-vive-solamente-en-los-objet-7-768x403.jpg 768w, https:\/\/sinfullymag.com\/wp-content\/uploads\/cuando-los-ancestros-regresan-memoria-territorio-y-cultura-viva-en-rapa-nui-h2-la-cultura-no-vive-solamente-en-los-objet-7.jpg 1600w\" sizes=\"(max-width: 1024px) 100vw, 1024px\" \/><figcaption class=\"wp-element-caption\">Archivo noticioso recuperado por internet<\/figcaption><\/figure>\n\n<\/div>\n\n<\/div>\n\n\n<p class=\"wp-block-paragraph\">Esa continuidad ayuda a comprender por qu\u00e9 el regreso de los Ivi Tupuna tiene una dimensi\u00f3n que trasciende el patrimonio material. Y tambi\u00e9n permite mirar de otra manera uno de los momentos culturales m\u00e1s conocidos de la isla: T\u0101pati Rapa Nui.<\/p>\n\n\n<figure class=\"wp-block-image size-large meraki-story-image\"><img decoding=\"async\" width=\"1024\" height=\"576\" src=\"https:\/\/sinfullymag.com\/wp-content\/uploads\/cuando-los-ancestros-regresan-memoria-territorio-y-cultura-viva-en-rapa-nui-h2-la-cultura-no-vive-solamente-en-los-objet-8-1024x576.jpg\" alt=\"H2: La cultura no vive solamente en los objetos\" class=\"wp-image-4801\" srcset=\"https:\/\/sinfullymag.com\/wp-content\/uploads\/cuando-los-ancestros-regresan-memoria-territorio-y-cultura-viva-en-rapa-nui-h2-la-cultura-no-vive-solamente-en-los-objet-8-1024x576.jpg 1024w, https:\/\/sinfullymag.com\/wp-content\/uploads\/cuando-los-ancestros-regresan-memoria-territorio-y-cultura-viva-en-rapa-nui-h2-la-cultura-no-vive-solamente-en-los-objet-8-300x169.jpg 300w, https:\/\/sinfullymag.com\/wp-content\/uploads\/cuando-los-ancestros-regresan-memoria-territorio-y-cultura-viva-en-rapa-nui-h2-la-cultura-no-vive-solamente-en-los-objet-8-768x432.jpg 768w, https:\/\/sinfullymag.com\/wp-content\/uploads\/cuando-los-ancestros-regresan-memoria-territorio-y-cultura-viva-en-rapa-nui-h2-la-cultura-no-vive-solamente-en-los-objet-8.jpg 1599w\" sizes=\"(max-width: 1024px) 100vw, 1024px\" \/><figcaption class=\"wp-element-caption\">Archivo noticioso recuperado por internet<\/figcaption><\/figure>\n\n<\/section>\n\n\n\n<div class=\"wp-block-group meraki-section meraki-section--gallery meraki-section--h2 is-layout-flow wp-block-group-is-layout-flow\">\n<h2 class=\"wp-block-heading meraki-h2\">T\u0101pati: una cultura que se practica<\/h2>\n\n\n\n<p class=\"wp-block-paragraph\">Desde fuera, T\u0101pati suele describirse como festival, celebraci\u00f3n o sucesi\u00f3n de competencias. Todo eso ocurre. Pero quedarse ah\u00ed es mirar solamente la superficie.<\/p>\n\n\n\n<div class=\"wp-block-columns meraki-diptych is-layout-flex wp-container-core-columns-is-layout-995f960e wp-block-columns-is-layout-flex\">\n<div class=\"wp-block-column is-layout-flow wp-block-column-is-layout-flow\">\n<figure class=\"wp-block-image size-large meraki-story-image\"><img decoding=\"async\" width=\"1024\" height=\"575\" src=\"https:\/\/sinfullymag.com\/wp-content\/uploads\/cuando-los-ancestros-regresan-memoria-territorio-y-cultura-viva-en-rapa-nui-h2-tapati-una-cultura-que-se-practica-19-1024x575.jpg\" alt=\"H2: T\u0101pati: una cultura que se practica\" class=\"wp-image-4802\" srcset=\"https:\/\/sinfullymag.com\/wp-content\/uploads\/cuando-los-ancestros-regresan-memoria-territorio-y-cultura-viva-en-rapa-nui-h2-tapati-una-cultura-que-se-practica-19-1024x575.jpg 1024w, https:\/\/sinfullymag.com\/wp-content\/uploads\/cuando-los-ancestros-regresan-memoria-territorio-y-cultura-viva-en-rapa-nui-h2-tapati-una-cultura-que-se-practica-19-300x169.jpg 300w, https:\/\/sinfullymag.com\/wp-content\/uploads\/cuando-los-ancestros-regresan-memoria-territorio-y-cultura-viva-en-rapa-nui-h2-tapati-una-cultura-que-se-practica-19-768x431.jpg 768w, https:\/\/sinfullymag.com\/wp-content\/uploads\/cuando-los-ancestros-regresan-memoria-territorio-y-cultura-viva-en-rapa-nui-h2-tapati-una-cultura-que-se-practica-19.jpg 1440w\" sizes=\"(max-width: 1024px) 100vw, 1024px\" \/><figcaption class=\"wp-element-caption\">Archivo noticioso recuperado por internet<\/figcaption><\/figure>\n<\/div>\n\n\n\n<div class=\"wp-block-column is-layout-flow wp-block-column-is-layout-flow\">\n<figure class=\"wp-block-image size-large meraki-story-image\"><img decoding=\"async\" width=\"610\" height=\"393\" src=\"https:\/\/sinfullymag.com\/wp-content\/uploads\/cuando-los-ancestros-regresan-memoria-territorio-y-cultura-viva-en-rapa-nui-h2-tapati-una-cultura-que-se-practica-20.jpg\" alt=\"H2: T\u0101pati: una cultura que se practica\" class=\"wp-image-4803\" srcset=\"https:\/\/sinfullymag.com\/wp-content\/uploads\/cuando-los-ancestros-regresan-memoria-territorio-y-cultura-viva-en-rapa-nui-h2-tapati-una-cultura-que-se-practica-20.jpg 610w, https:\/\/sinfullymag.com\/wp-content\/uploads\/cuando-los-ancestros-regresan-memoria-territorio-y-cultura-viva-en-rapa-nui-h2-tapati-una-cultura-que-se-practica-20-300x193.jpg 300w\" sizes=\"(max-width: 610px) 100vw, 610px\" \/><figcaption class=\"wp-element-caption\">Archivo noticioso recuperado por internet<\/figcaption><\/figure>\n<\/div>\n<\/div>\n\n\n\n<p class=\"wp-block-paragraph\">Durante T\u0101pati vuelven a ponerse en pr\u00e1ctica conocimientos que necesitan personas capaces de realizarlos: preparar materiales, reconocer plantas, trabajar fibras, pintar el cuerpo, cantar, recitar, competir, transmitir historias y ense\u00f1ar t\u00e9cnicas a quienes vienen detr\u00e1s. Por eso una manera m\u00e1s profunda de comprender T\u0101pati consiste en observar no solamente qu\u00e9 hace una persona, sino tambi\u00e9n qu\u00e9 conocimiento est\u00e1 poniendo en pr\u00e1ctica y de qui\u00e9n lo aprendi\u00f3. Haka Pei: guerreros ancestrales, cuerpo y territorio El Haka Pei es probablemente una de las im\u00e1genes m\u00e1s reconocibles de T\u0101pati: competidores descienden por la pronunciada ladera del ma\u2018u\u014ba Pu\u2018i sobre dos o tres troncos de pl\u00e1tano unidos.<\/p>\n\n\n\n<p class=\"wp-block-paragraph\">Pero reducirlo a velocidad y riesgo ser\u00eda perder gran parte de su significado. En la representaci\u00f3n cultural de T\u0101pati, los competidores evocan a guerreros ancestrales Rapa Nui. La prueba conecta valent\u00eda, resistencia y dominio corporal con una memoria guerrera que contin\u00faa presente en la manera en que se desarrolla la competencia.<\/p>\n\n\n\n<div class=\"wp-block-columns meraki-diptych is-layout-flex wp-container-core-columns-is-layout-995f960e wp-block-columns-is-layout-flex\">\n<div class=\"wp-block-column is-layout-flow wp-block-column-is-layout-flow\">\n<figure class=\"wp-block-image size-large meraki-story-image\"><img decoding=\"async\" width=\"1024\" height=\"768\" src=\"https:\/\/sinfullymag.com\/wp-content\/uploads\/cuando-los-ancestros-regresan-memoria-territorio-y-cultura-viva-en-rapa-nui-h2-tapati-una-cultura-que-se-practica-21-1024x768.jpg\" alt=\"T\u0101pati Rapa Nui \u00b7 Cuando los ancestros regresan: memoria, territorio y cultura viva en Rapa Nui\" class=\"wp-image-4804\" srcset=\"https:\/\/sinfullymag.com\/wp-content\/uploads\/cuando-los-ancestros-regresan-memoria-territorio-y-cultura-viva-en-rapa-nui-h2-tapati-una-cultura-que-se-practica-21-1024x768.jpg 1024w, https:\/\/sinfullymag.com\/wp-content\/uploads\/cuando-los-ancestros-regresan-memoria-territorio-y-cultura-viva-en-rapa-nui-h2-tapati-una-cultura-que-se-practica-21-300x225.jpg 300w, https:\/\/sinfullymag.com\/wp-content\/uploads\/cuando-los-ancestros-regresan-memoria-territorio-y-cultura-viva-en-rapa-nui-h2-tapati-una-cultura-que-se-practica-21-768x576.jpg 768w, https:\/\/sinfullymag.com\/wp-content\/uploads\/cuando-los-ancestros-regresan-memoria-territorio-y-cultura-viva-en-rapa-nui-h2-tapati-una-cultura-que-se-practica-21.jpg 1280w\" sizes=\"(max-width: 1024px) 100vw, 1024px\" \/><figcaption class=\"wp-element-caption\">Tapati Festival<\/figcaption><\/figure>\n<\/div>\n\n\n\n<div class=\"wp-block-column is-layout-flow wp-block-column-is-layout-flow\">\n<figure class=\"wp-block-image size-large meraki-story-image\"><img decoding=\"async\" width=\"768\" height=\"1024\" src=\"https:\/\/sinfullymag.com\/wp-content\/uploads\/cuando-los-ancestros-regresan-memoria-territorio-y-cultura-viva-en-rapa-nui-h2-tapati-una-cultura-que-se-practica-22-768x1024.jpg\" alt=\"T\u0101pati Rapa Nui \u00b7 Cuando los ancestros regresan: memoria, territorio y cultura viva en Rapa Nui\" class=\"wp-image-4805\" srcset=\"https:\/\/sinfullymag.com\/wp-content\/uploads\/cuando-los-ancestros-regresan-memoria-territorio-y-cultura-viva-en-rapa-nui-h2-tapati-una-cultura-que-se-practica-22-768x1024.jpg 768w, https:\/\/sinfullymag.com\/wp-content\/uploads\/cuando-los-ancestros-regresan-memoria-territorio-y-cultura-viva-en-rapa-nui-h2-tapati-una-cultura-que-se-practica-22-225x300.jpg 225w, https:\/\/sinfullymag.com\/wp-content\/uploads\/cuando-los-ancestros-regresan-memoria-territorio-y-cultura-viva-en-rapa-nui-h2-tapati-una-cultura-que-se-practica-22.jpg 1280w\" sizes=\"(max-width: 768px) 100vw, 768px\" \/><figcaption class=\"wp-element-caption\">Tapati Festival<\/figcaption><\/figure>\n<\/div>\n<\/div>\n\n\n\n<p class=\"wp-block-paragraph\">El programa de Lengua Rapa Nui del Ministerio de Educaci\u00f3n documenta que el <strong>Haka Pei<\/strong> es una competencia ancestral realizada en ma\u2018u\u014ba Pu\u2018i y que el desempe\u00f1o considera no solo el deslizamiento, sino tambi\u00e9n el kahu o atuendo, el t\u0101 kona o pintura corporal y la participaci\u00f3n en ceremonias rituales como el \u2018umu tahu, curanto de bendici\u00f3n inicial, y el \u2018umu hatu, curanto de agradecimiento al finalizar. <strong>Los ma\u2018ori haka pei<\/strong>, expertos de la disciplina, transmiten ese conocimiento a quienes participan.<\/p>\n\n\n\n<p class=\"wp-block-paragraph\">El descenso dura apenas unos instantes. La cultura que contiene ha necesitado generaciones. Ti\u014bi-ti\u014bi i te mahute: cuando una corteza se convierte en tela Hay otras pr\u00e1cticas de T\u0101pati cuyo ritmo es completamente distinto.<\/p>\n\n\n\n<p class=\"wp-block-paragraph\">El trabajo del <strong>mahute<\/strong> comienza con una planta y con un conocimiento preciso sobre c\u00f3mo transformar su corteza. La parte fibrosa de la corteza se prepara y se ablanda. Luego se golpea repetidamente con el instrumento utilizado para trabajar el mahute; al golpearla, la fibra se estira, se agranda y se ensancha.<\/p>\n\n\n\n<p class=\"wp-block-paragraph\">Despu\u00e9s se deja secar, se corta y puede coserse para elaborar distintas piezas. El programa intercultural de Lengua Rapa Nui del Ministerio de Educaci\u00f3n conserva una descripci\u00f3n detallada del proceso tradicional: separar la parte fibrosa, ablandarla, golpearla, extenderla, secarla, cortar la tela y coserla. Tambi\u00e9n registra su uso en prendas y capas de mahute.<\/p>\n\n\n\n<p class=\"wp-block-paragraph\">Lo importante no es solamente la pieza terminada. Tambi\u00e9n importa que alguien sepa reconocer la materia prima, trabajarla correctamente y ense\u00f1ar el proceso. La memoria, en ese caso, pasa literalmente de unas manos a otras.<\/p>\n<\/div>\n\n\n\n<section class=\"wp-block-group meraki-section meraki-section--text meraki-section--h2 is-layout-flow wp-block-group-is-layout-flow\">\n\n<h2 class=\"meraki-h2 wp-block-heading\">Aprender haciendo<\/h2>\n\n\n<p class=\"wp-block-paragraph\">El Haka Pei y el mahute permiten comprender mejor algo que resulta dif\u00edcil explicar \u00fanicamente con conceptos como patrimonio o identidad. Una cultura contin\u00faa viva porque existen personas que saben hacer cosas. Alguien prepara los troncos.<\/p>\n\n\n<p class=\"wp-block-paragraph\">Alguien conoce la rogativa. Alguien ense\u00f1a c\u00f3mo trabajar la corteza. Alguien recuerda un recitado.<\/p>\n\n\n<p class=\"wp-block-paragraph\">Una persona mayor corrige una t\u00e9cnica y alguien m\u00e1s joven vuelve a intentarlo. T\u0101pati hace visible esa transmisi\u00f3n. Sus competencias, candidaturas y puntajes forman parte de la celebraci\u00f3n, pero el significado cultural no termina cuando se conoce qui\u00e9n gan\u00f3.<\/p>\n\n\n<p class=\"wp-block-paragraph\">Lo importante tambi\u00e9n ocurre antes, dentro de las familias, entre participantes, expertos, cultores y generaciones que vuelven a practicar aquello que recibieron de otros.<\/p>\n\n<\/section>\n\n\n\n<section class=\"wp-block-group meraki-section meraki-section--side meraki-section--h2 is-layout-flow wp-block-group-is-layout-flow\">\n\n<h2 class=\"meraki-h2 wp-block-heading\">Mirar Rapa Nui m\u00e1s all\u00e1 de la postal<\/h2>\n\n\n<div class=\"wp-block-columns meraki-section-side is-layout-flex wp-container-core-columns-is-layout-995f960e wp-block-columns-is-layout-flex\">\n\n<div class=\"wp-block-column meraki-section-side__media is-layout-flow wp-block-column-is-layout-flow\">\n\n<figure class=\"wp-block-image size-large meraki-story-image\"><img decoding=\"async\" width=\"1024\" height=\"682\" src=\"https:\/\/sinfullymag.com\/wp-content\/uploads\/cuando-los-ancestros-regresan-memoria-territorio-y-cultura-viva-en-rapa-nui-h2-mirar-rapa-nui-mas-alla-de-la-postal-1-1024x682.jpg\" alt=\"Hero \/ imagen destacada \u00b7 Cuando los ancestros regresan: memoria, territorio y cultura viva en Rapa Nui\" class=\"wp-image-4806\" srcset=\"https:\/\/sinfullymag.com\/wp-content\/uploads\/cuando-los-ancestros-regresan-memoria-territorio-y-cultura-viva-en-rapa-nui-h2-mirar-rapa-nui-mas-alla-de-la-postal-1-1024x682.jpg 1024w, https:\/\/sinfullymag.com\/wp-content\/uploads\/cuando-los-ancestros-regresan-memoria-territorio-y-cultura-viva-en-rapa-nui-h2-mirar-rapa-nui-mas-alla-de-la-postal-1-300x200.jpg 300w, https:\/\/sinfullymag.com\/wp-content\/uploads\/cuando-los-ancestros-regresan-memoria-territorio-y-cultura-viva-en-rapa-nui-h2-mirar-rapa-nui-mas-alla-de-la-postal-1-768x512.jpg 768w, https:\/\/sinfullymag.com\/wp-content\/uploads\/cuando-los-ancestros-regresan-memoria-territorio-y-cultura-viva-en-rapa-nui-h2-mirar-rapa-nui-mas-alla-de-la-postal-1.jpg 1280w\" sizes=\"(max-width: 1024px) 100vw, 1024px\" \/><figcaption class=\"wp-element-caption\">RAPA NUI TAPATI 2015 FARANDULA<\/figcaption><\/figure>\n\n<\/div>\n\n\n<div class=\"wp-block-column meraki-section-side__text is-layout-flow wp-block-column-is-layout-flow\">\n\n<p class=\"wp-block-paragraph\">Rapa Nui ocupa un lugar excepcional en el imaginario mundial. Los moai, el oc\u00e9ano y sus paisajes aparecen una y otra vez como s\u00edmbolos universales. Esa visibilidad genera fascinaci\u00f3n, pero tambi\u00e9n puede simplificar.<\/p>\n\n\n<p class=\"wp-block-paragraph\">Cuando un territorio es observado \u00fanicamente como destino, las personas que lo habitan corren el riesgo de convertirse en parte del paisaje. La cultura empieza a parecer algo dispuesto para quien llega a mirar, en vez de una realidad que pertenece, antes que nada, al pueblo que la vive. Comprender Rapa Nui exige cambiar esa posici\u00f3n.<\/p>\n\n\n<p class=\"wp-block-paragraph\">Los moai no son solamente esculturas monumentales. Los Ivi Tupuna no son piezas bioantropol\u00f3gicas. El Haka Pei no es simplemente un deporte extremo.<\/p>\n\n\n<p class=\"wp-block-paragraph\">El mahute no es solamente una artesan\u00eda. Cada una de esas expresiones pertenece a una red mayor de relaciones entre territorio, ancestros, familias, conocimientos y memoria. T\u0101pati tampoco existe solamente para producir una postal extraordinaria.<\/p>\n\n\n<p class=\"wp-block-paragraph\">Existe porque hay un pueblo que contin\u00faa practicando y transformando su cultura.<\/p>\n\n<\/div>\n\n<\/div>\n\n<\/section>\n\n\n\n<section class=\"wp-block-group meraki-section meraki-section--text meraki-section--h2 is-layout-flow wp-block-group-is-layout-flow\">\n\n<h2 class=\"meraki-h2 wp-block-heading\">Cuando los ancestros regresan<\/h2>\n\n\n<p class=\"wp-block-paragraph\">El regreso de los Ivi Tupuna y las pr\u00e1cticas que cobran vida durante T\u0101pati parecen historias distintas. En realidad, se encuentran en un mismo lugar. La restituci\u00f3n permite que los ancestros vuelvan f\u00edsicamente al territorio del que fueron retirados.<\/p>\n\n\n<p class=\"wp-block-paragraph\">La transmisi\u00f3n cultural permite que conocimientos, s\u00edmbolos, t\u00e9cnicas y recuerdos vinculados con generaciones anteriores contin\u00faen presentes. Una responde a una ausencia. La otra sostiene una presencia.<\/p>\n\n\n<p class=\"wp-block-paragraph\">Quiz\u00e1s por eso mirar Rapa Nui con respeto exige algo m\u00e1s que admirar aquello que vemos. Exige preguntarnos qu\u00e9 historia contiene, qui\u00e9n la transmite y qu\u00e9 estamos siendo invitados a comprender.<\/p>\n\n<\/section>\n\n\n\n<h2 class=\"wp-block-heading meraki-h2 meraki-sources-title\">Fuentes<\/h2>\n\n\n\n<ul class=\"wp-block-list meraki-sources\">\n<li><a href=\"https:\/\/australian.museum\/about\/organisation\/media-centre\/australian-museum-returns-ancestors-to-rapa-nui\/Servicio\" rel=\"noopener noreferrer\">australian.museum<\/a><\/li>\n\n\n\n<li><a href=\"https:\/\/www.pueblosoriginarios.gob.cl\/noticias\/rapa-nui-recibio-18-restos-ancestrales-restituidos-por-el-australian-museum\" rel=\"noopener noreferrer\">www.pueblosoriginarios.gob.cl<\/a><\/li>\n\n\n\n<li><a href=\"https:\/\/www.cultura.gob.cl\/actualidad\/ministerio-de-las-culturas-retorna-restos-ancestrales-rapanui-restituidos-por-el-museo-kon-tiki-de-n\" rel=\"noopener noreferrer\">www.cultura.gob.cl<\/a><\/li>\n\n\n\n<li><a href=\"https:\/\/peib.mineduc.cl\/wp-content\/uploads\/2016\/04\/Programa-Estudio_6%C2%BA-ba%CC%81sico_Rapa-Nui.pdf\" rel=\"noopener noreferrer\">peib.mineduc.cl<\/a><\/li>\n\n\n\n<li><a href=\"https:\/\/chile.travel\/blog\/competencias-ancestrales-en-tapati-tradicion-fuerza-y-cultura\/Revisi\u00f3n\" rel=\"noopener noreferrer\">chile.travel<\/a><\/li>\n<\/ul>\n\n\n\n<h2 class=\"wp-block-heading meraki-h2 meraki-credits-title\">Cr\u00e9ditos visuales<\/h2>\n\n\n\n<ul class=\"wp-block-list meraki-visual-credits\">\n<li><a href=\"https:\/\/sinfullymag.com\/wp-admin\/post.php?post=4777&amp;action=edit\" rel=\"noopener noreferrer\">Ilustraci\u00f3n conceptual generada con OpenAI GPT Image \u00b7 Ilustraci\u00f3n editorial generada por IA<\/a><\/li>\n\n\n\n<li><a href=\"https:\/\/sinfullymag.com\/wp-admin\/post.php?post=4778&amp;action=edit\" rel=\"noopener noreferrer\">Archivo noticioso recuperado por internet \u00b7 Uso aportado por el editor; sujeto a confirmaci\u00f3n global de derechos<\/a><\/li>\n\n\n\n<li><a href=\"https:\/\/sinfullymag.com\/wp-admin\/post.php?post=4779&amp;action=edit\" rel=\"noopener noreferrer\">Archivo noticioso recuperado por internet \u00b7 Uso aportado por el editor; sujeto a confirmaci\u00f3n global de derechos<\/a><\/li>\n\n\n\n<li><a href=\"https:\/\/sinfullymag.com\/wp-admin\/post.php?post=4780&amp;action=edit\" rel=\"noopener noreferrer\">Archivo noticioso recuperado por internet \u00b7 Uso aportado por el editor; sujeto a confirmaci\u00f3n global de derechos<\/a><\/li>\n\n\n\n<li><a href=\"https:\/\/sinfullymag.com\/wp-admin\/post.php?post=4783&amp;action=edit\" rel=\"noopener noreferrer\">Archivo noticioso recuperado por internet \u00b7 Uso aportado por el editor; sujeto a confirmaci\u00f3n global de derechos<\/a><\/li>\n\n\n\n<li><a href=\"https:\/\/sinfullymag.com\/wp-admin\/post.php?post=4786&amp;action=edit\" rel=\"noopener noreferrer\">Archivo noticioso recuperado por internet \u00b7 Uso aportado por el editor; sujeto a confirmaci\u00f3n global de derechos<\/a><\/li>\n\n\n\n<li><a href=\"https:\/\/sinfullymag.com\/wp-admin\/post.php?post=4781&amp;action=edit\" rel=\"noopener noreferrer\">Archivo noticioso recuperado por internet \u00b7 Uso aportado por el editor; sujeto a confirmaci\u00f3n global de derechos<\/a><\/li>\n\n\n\n<li><a href=\"https:\/\/sinfullymag.com\/wp-admin\/post.php?post=4782&amp;action=edit\" rel=\"noopener noreferrer\">Archivo noticioso recuperado por internet \u00b7 Uso aportado por el editor; sujeto a confirmaci\u00f3n global de derechos<\/a><\/li>\n\n\n\n<li><a href=\"https:\/\/sinfullymag.com\/wp-admin\/post.php?post=4785&amp;action=edit\" rel=\"noopener noreferrer\">Tapati Festival \u00b7 CC BY-SA 2.0<\/a><\/li>\n\n\n\n<li><a href=\"https:\/\/sinfullymag.com\/wp-admin\/post.php?post=4788&amp;action=edit\" rel=\"noopener noreferrer\">Tapati Festival \u00b7 CC BY-SA 2.0<\/a><\/li>\n\n\n\n<li><a href=\"https:\/\/sinfullymag.com\/wp-admin\/post.php?post=4784&amp;action=edit\" rel=\"noopener noreferrer\">RAPA NUI TAPATI 2015 FARANDULA \u00b7 CC BY 2.0<\/a><\/li>\n<\/ul>\n<\/div>\n<\/div>","protected":false},"excerpt":{"rendered":"<p>Despu\u00e9s de m\u00e1s de un siglo fuera de su territorio, 17 Ivi Tupuna regresaron a Rapa Nui.<\/p>","protected":false},"author":1,"featured_media":4796,"comment_status":"open","ping_status":"open","sticky":false,"template":"","format":"standard","meta":{"_coblocks_attr":"","_coblocks_dimensions":"","_coblocks_responsive_height":"","_coblocks_accordion_ie_support":"","footnotes":""},"categories":[866,1248],"tags":[1252,1257,1251,1253,1249,1250],"class_list":["post-4760","post","type-post","status-publish","format-standard","has-post-thumbnail","hentry","category-actualidad","category-cultura-y-territorio","tag-cultura","tag-cultura-rapa-nui","tag-ivi-tupuna","tag-patrimonio","tag-rapa-nui","tag-tapati"],"blocksy_meta":{"styles_descriptor":{"styles":{"desktop":"","tablet":"","mobile":""},"google_fonts":[],"version":7}},"yoast_head":"<!-- This site is optimized with the Yoast SEO plugin v28.3 - https:\/\/yoast.com\/product\/yoast-seo-wordpress\/ -->\n<title>Ivi Tupuna y T\u0101pati: cultura viva en Rapa Nui<\/title>\n<meta name=\"description\" content=\"cultura Rapa Nui: el regreso de los Ivi Tupuna a Rapa Nui abre una mirada sobre restituci\u00f3n, Contexto, memoria y claves para comprender cultura Rapa Nui.\" \/>\n<meta name=\"robots\" content=\"index, follow, max-snippet:-1, max-image-preview:large, max-video-preview:-1\" \/>\n<link rel=\"canonical\" href=\"https:\/\/sinfullymag.com\/en_us\/cultura-rapa-nui-ivi-tupuna-tapati\/\" \/>\n<meta property=\"og:locale\" content=\"en_US\" \/>\n<meta property=\"og:type\" content=\"article\" \/>\n<meta property=\"og:title\" content=\"Ivi Tupuna y T\u0101pati: cultura viva en Rapa Nui\" \/>\n<meta property=\"og:description\" content=\"cultura Rapa Nui: el regreso de los Ivi Tupuna a Rapa Nui abre una mirada sobre restituci\u00f3n, Contexto, memoria y claves para comprender cultura Rapa Nui.\" \/>\n<meta property=\"og:url\" content=\"https:\/\/sinfullymag.com\/en_us\/cultura-rapa-nui-ivi-tupuna-tapati\/\" \/>\n<meta property=\"article:publisher\" content=\"https:\/\/web.facebook.com\/sinfulsocietycl\" \/>\n<meta property=\"article:published_time\" content=\"2026-08-09T17:44:57+00:00\" \/>\n<meta property=\"article:modified_time\" content=\"2026-08-10T13:07:23+00:00\" \/>\n<meta property=\"og:image\" content=\"https:\/\/sinfullymag.com\/wp-content\/uploads\/cuando-los-ancestros-regresan-memoria-territorio-y-cultura-viva-en-rapa-nui-h1-imagen-destacada-4.jpg\" \/>\n\t<meta property=\"og:image:width\" content=\"1536\" \/>\n\t<meta property=\"og:image:height\" content=\"1024\" \/>\n\t<meta property=\"og:image:type\" content=\"image\/jpeg\" \/>\n<meta name=\"author\" content=\"Diego\" \/>\n<meta name=\"twitter:card\" content=\"summary_large_image\" \/>\n<meta name=\"twitter:creator\" content=\"@SocietySinful\" \/>\n<meta name=\"twitter:site\" content=\"@SocietySinful\" \/>\n<meta name=\"twitter:label1\" content=\"Written by\" \/>\n\t<meta name=\"twitter:data1\" content=\"Diego\" \/>\n\t<meta name=\"twitter:label2\" content=\"Est. reading time\" \/>\n\t<meta name=\"twitter:data2\" content=\"10 minutes\" \/>\n<script type=\"application\/ld+json\" class=\"yoast-schema-graph\">{\"@context\":\"https:\\\/\\\/schema.org\",\"@graph\":[{\"@type\":\"Article\",\"@id\":\"https:\\\/\\\/sinfullymag.com\\\/cultura-rapa-nui-ivi-tupuna-tapati\\\/#article\",\"isPartOf\":{\"@id\":\"https:\\\/\\\/sinfullymag.com\\\/cultura-rapa-nui-ivi-tupuna-tapati\\\/\"},\"author\":{\"name\":\"Diego\",\"@id\":\"https:\\\/\\\/sinfullymag.com\\\/#\\\/schema\\\/person\\\/8dc8ae8f559903156b413567c01b7fd5\"},\"headline\":\"Cuando los ancestros regresan: memoria, territorio y cultura viva en Rapa Nui\",\"datePublished\":\"2026-08-09T17:44:57+00:00\",\"dateModified\":\"2026-08-10T13:07:23+00:00\",\"mainEntityOfPage\":{\"@id\":\"https:\\\/\\\/sinfullymag.com\\\/cultura-rapa-nui-ivi-tupuna-tapati\\\/\"},\"wordCount\":1772,\"commentCount\":0,\"publisher\":{\"@id\":\"https:\\\/\\\/sinfullymag.com\\\/#organization\"},\"image\":{\"@id\":\"https:\\\/\\\/sinfullymag.com\\\/cultura-rapa-nui-ivi-tupuna-tapati\\\/#primaryimage\"},\"thumbnailUrl\":\"https:\\\/\\\/sinfullymag.com\\\/wp-content\\\/uploads\\\/cuando-los-ancestros-regresan-memoria-territorio-y-cultura-viva-en-rapa-nui-h1-imagen-destacada-4.jpg\",\"keywords\":[\"cultura\",\"cultura Rapa Nui\",\"Ivi Tupuna\",\"patrimonio\",\"Rapa Nui\",\"T\u0101pati\"],\"articleSection\":[\"Actualidad\",\"Cultura y territorio\"],\"inLanguage\":\"en-US\",\"potentialAction\":[{\"@type\":\"CommentAction\",\"name\":\"Comment\",\"target\":[\"https:\\\/\\\/sinfullymag.com\\\/cultura-rapa-nui-ivi-tupuna-tapati\\\/#respond\"]}]},{\"@type\":\"WebPage\",\"@id\":\"https:\\\/\\\/sinfullymag.com\\\/cultura-rapa-nui-ivi-tupuna-tapati\\\/\",\"url\":\"https:\\\/\\\/sinfullymag.com\\\/cultura-rapa-nui-ivi-tupuna-tapati\\\/\",\"name\":\"Ivi Tupuna y T\u0101pati: cultura viva en Rapa Nui\",\"isPartOf\":{\"@id\":\"https:\\\/\\\/sinfullymag.com\\\/#website\"},\"primaryImageOfPage\":{\"@id\":\"https:\\\/\\\/sinfullymag.com\\\/cultura-rapa-nui-ivi-tupuna-tapati\\\/#primaryimage\"},\"image\":{\"@id\":\"https:\\\/\\\/sinfullymag.com\\\/cultura-rapa-nui-ivi-tupuna-tapati\\\/#primaryimage\"},\"thumbnailUrl\":\"https:\\\/\\\/sinfullymag.com\\\/wp-content\\\/uploads\\\/cuando-los-ancestros-regresan-memoria-territorio-y-cultura-viva-en-rapa-nui-h1-imagen-destacada-4.jpg\",\"datePublished\":\"2026-08-09T17:44:57+00:00\",\"dateModified\":\"2026-08-10T13:07:23+00:00\",\"description\":\"cultura Rapa Nui: el regreso de los Ivi Tupuna a Rapa Nui abre una mirada sobre restituci\u00f3n, Contexto, memoria y claves para comprender cultura Rapa Nui.\",\"breadcrumb\":{\"@id\":\"https:\\\/\\\/sinfullymag.com\\\/cultura-rapa-nui-ivi-tupuna-tapati\\\/#breadcrumb\"},\"inLanguage\":\"en-US\",\"potentialAction\":[{\"@type\":\"ReadAction\",\"target\":[\"https:\\\/\\\/sinfullymag.com\\\/cultura-rapa-nui-ivi-tupuna-tapati\\\/\"]}]},{\"@type\":\"ImageObject\",\"inLanguage\":\"en-US\",\"@id\":\"https:\\\/\\\/sinfullymag.com\\\/cultura-rapa-nui-ivi-tupuna-tapati\\\/#primaryimage\",\"url\":\"https:\\\/\\\/sinfullymag.com\\\/wp-content\\\/uploads\\\/cuando-los-ancestros-regresan-memoria-territorio-y-cultura-viva-en-rapa-nui-h1-imagen-destacada-4.jpg\",\"contentUrl\":\"https:\\\/\\\/sinfullymag.com\\\/wp-content\\\/uploads\\\/cuando-los-ancestros-regresan-memoria-territorio-y-cultura-viva-en-rapa-nui-h1-imagen-destacada-4.jpg\",\"width\":1536,\"height\":1024,\"caption\":\"Ilustraci\u00f3n editorial generada. Imagen de apoyo generada con IA para ayudar a contextualizar el art\u00edculo. No corresponde a un registro documental del hecho.\"},{\"@type\":\"BreadcrumbList\",\"@id\":\"https:\\\/\\\/sinfullymag.com\\\/cultura-rapa-nui-ivi-tupuna-tapati\\\/#breadcrumb\",\"itemListElement\":[{\"@type\":\"ListItem\",\"position\":1,\"name\":\"Inicio\",\"item\":\"https:\\\/\\\/sinfullymag.com\\\/\"},{\"@type\":\"ListItem\",\"position\":2,\"name\":\"Cuando los ancestros regresan: memoria, territorio y cultura viva en Rapa Nui\"}]},{\"@type\":\"WebSite\",\"@id\":\"https:\\\/\\\/sinfullymag.com\\\/#website\",\"url\":\"https:\\\/\\\/sinfullymag.com\\\/\",\"name\":\"\",\"description\":\"\",\"publisher\":{\"@id\":\"https:\\\/\\\/sinfullymag.com\\\/#organization\"},\"alternateName\":\"TSS\",\"potentialAction\":[{\"@type\":\"SearchAction\",\"target\":{\"@type\":\"EntryPoint\",\"urlTemplate\":\"https:\\\/\\\/sinfullymag.com\\\/?s={search_term_string}\"},\"query-input\":{\"@type\":\"PropertyValueSpecification\",\"valueRequired\":true,\"valueName\":\"search_term_string\"}}],\"inLanguage\":\"en-US\"},{\"@type\":\"Organization\",\"@id\":\"https:\\\/\\\/sinfullymag.com\\\/#organization\",\"name\":\"The Sinful Society SpA\",\"alternateName\":\"The Sinful Society\",\"url\":\"https:\\\/\\\/sinfullymag.com\\\/\",\"logo\":{\"@type\":\"ImageObject\",\"inLanguage\":\"en-US\",\"@id\":\"https:\\\/\\\/sinfullymag.com\\\/#\\\/schema\\\/logo\\\/image\\\/\",\"url\":\"https:\\\/\\\/sinfullymag.com\\\/wp-content\\\/uploads\\\/Logo-HD-TSS-con-Letras--e1696201980518.png\",\"contentUrl\":\"https:\\\/\\\/sinfullymag.com\\\/wp-content\\\/uploads\\\/Logo-HD-TSS-con-Letras--e1696201980518.png\",\"width\":72,\"height\":72,\"caption\":\"The Sinful Society SpA\"},\"image\":{\"@id\":\"https:\\\/\\\/sinfullymag.com\\\/#\\\/schema\\\/logo\\\/image\\\/\"},\"sameAs\":[\"https:\\\/\\\/web.facebook.com\\\/sinfulsocietycl\",\"https:\\\/\\\/x.com\\\/SocietySinful\",\"https:\\\/\\\/www.youtube.com\\\/channel\\\/UC5p6At3_PDuzuT5jHxqH-Rg\"]},{\"@type\":\"Person\",\"@id\":\"https:\\\/\\\/sinfullymag.com\\\/#\\\/schema\\\/person\\\/8dc8ae8f559903156b413567c01b7fd5\",\"name\":\"Diego\",\"image\":{\"@type\":\"ImageObject\",\"inLanguage\":\"en-US\",\"@id\":\"https:\\\/\\\/secure.gravatar.com\\\/avatar\\\/f969525a6efba66c654fc71749bff821c685a37c28441c23dde431e0ae2f83c1?s=96&d=mm&r=r\",\"url\":\"https:\\\/\\\/secure.gravatar.com\\\/avatar\\\/f969525a6efba66c654fc71749bff821c685a37c28441c23dde431e0ae2f83c1?s=96&d=mm&r=r\",\"contentUrl\":\"https:\\\/\\\/secure.gravatar.com\\\/avatar\\\/f969525a6efba66c654fc71749bff821c685a37c28441c23dde431e0ae2f83c1?s=96&d=mm&r=r\",\"caption\":\"Diego\"},\"sameAs\":[\"https:\\\/\\\/sinfullymag.com\"],\"url\":\"https:\\\/\\\/sinfullymag.com\\\/en_us\\\/mi-perfil\\\/?uid=1\"}]}<\/script>\n<!-- \/ Yoast SEO plugin. -->","yoast_head_json":{"title":"Ivi Tupuna y T\u0101pati: cultura viva en Rapa Nui","description":"cultura Rapa Nui: el regreso de los Ivi Tupuna a Rapa Nui abre una mirada sobre restituci\u00f3n, Contexto, memoria y claves para comprender cultura Rapa Nui.","robots":{"index":"index","follow":"follow","max-snippet":"max-snippet:-1","max-image-preview":"max-image-preview:large","max-video-preview":"max-video-preview:-1"},"canonical":"https:\/\/sinfullymag.com\/en_us\/cultura-rapa-nui-ivi-tupuna-tapati\/","og_locale":"en_US","og_type":"article","og_title":"Ivi Tupuna y T\u0101pati: cultura viva en Rapa Nui","og_description":"cultura Rapa Nui: el regreso de los Ivi Tupuna a Rapa Nui abre una mirada sobre restituci\u00f3n, Contexto, memoria y claves para comprender cultura Rapa Nui.","og_url":"https:\/\/sinfullymag.com\/en_us\/cultura-rapa-nui-ivi-tupuna-tapati\/","article_publisher":"https:\/\/web.facebook.com\/sinfulsocietycl","article_published_time":"2026-08-09T17:44:57+00:00","article_modified_time":"2026-08-10T13:07:23+00:00","og_image":[{"width":1536,"height":1024,"url":"https:\/\/sinfullymag.com\/wp-content\/uploads\/cuando-los-ancestros-regresan-memoria-territorio-y-cultura-viva-en-rapa-nui-h1-imagen-destacada-4.jpg","type":"image\/jpeg"}],"author":"Diego","twitter_card":"summary_large_image","twitter_creator":"@SocietySinful","twitter_site":"@SocietySinful","twitter_misc":{"Written by":"Diego","Est. reading time":"10 minutes"},"schema":{"@context":"https:\/\/schema.org","@graph":[{"@type":"Article","@id":"https:\/\/sinfullymag.com\/cultura-rapa-nui-ivi-tupuna-tapati\/#article","isPartOf":{"@id":"https:\/\/sinfullymag.com\/cultura-rapa-nui-ivi-tupuna-tapati\/"},"author":{"name":"Diego","@id":"https:\/\/sinfullymag.com\/#\/schema\/person\/8dc8ae8f559903156b413567c01b7fd5"},"headline":"Cuando los ancestros regresan: memoria, territorio y cultura viva en Rapa Nui","datePublished":"2026-08-09T17:44:57+00:00","dateModified":"2026-08-10T13:07:23+00:00","mainEntityOfPage":{"@id":"https:\/\/sinfullymag.com\/cultura-rapa-nui-ivi-tupuna-tapati\/"},"wordCount":1772,"commentCount":0,"publisher":{"@id":"https:\/\/sinfullymag.com\/#organization"},"image":{"@id":"https:\/\/sinfullymag.com\/cultura-rapa-nui-ivi-tupuna-tapati\/#primaryimage"},"thumbnailUrl":"https:\/\/sinfullymag.com\/wp-content\/uploads\/cuando-los-ancestros-regresan-memoria-territorio-y-cultura-viva-en-rapa-nui-h1-imagen-destacada-4.jpg","keywords":["cultura","cultura Rapa Nui","Ivi Tupuna","patrimonio","Rapa Nui","T\u0101pati"],"articleSection":["Actualidad","Cultura y territorio"],"inLanguage":"en-US","potentialAction":[{"@type":"CommentAction","name":"Comment","target":["https:\/\/sinfullymag.com\/cultura-rapa-nui-ivi-tupuna-tapati\/#respond"]}]},{"@type":"WebPage","@id":"https:\/\/sinfullymag.com\/cultura-rapa-nui-ivi-tupuna-tapati\/","url":"https:\/\/sinfullymag.com\/cultura-rapa-nui-ivi-tupuna-tapati\/","name":"Ivi Tupuna y T\u0101pati: cultura viva en Rapa Nui","isPartOf":{"@id":"https:\/\/sinfullymag.com\/#website"},"primaryImageOfPage":{"@id":"https:\/\/sinfullymag.com\/cultura-rapa-nui-ivi-tupuna-tapati\/#primaryimage"},"image":{"@id":"https:\/\/sinfullymag.com\/cultura-rapa-nui-ivi-tupuna-tapati\/#primaryimage"},"thumbnailUrl":"https:\/\/sinfullymag.com\/wp-content\/uploads\/cuando-los-ancestros-regresan-memoria-territorio-y-cultura-viva-en-rapa-nui-h1-imagen-destacada-4.jpg","datePublished":"2026-08-09T17:44:57+00:00","dateModified":"2026-08-10T13:07:23+00:00","description":"cultura Rapa Nui: el regreso de los Ivi Tupuna a Rapa Nui abre una mirada sobre restituci\u00f3n, Contexto, memoria y claves para comprender cultura Rapa Nui.","breadcrumb":{"@id":"https:\/\/sinfullymag.com\/cultura-rapa-nui-ivi-tupuna-tapati\/#breadcrumb"},"inLanguage":"en-US","potentialAction":[{"@type":"ReadAction","target":["https:\/\/sinfullymag.com\/cultura-rapa-nui-ivi-tupuna-tapati\/"]}]},{"@type":"ImageObject","inLanguage":"en-US","@id":"https:\/\/sinfullymag.com\/cultura-rapa-nui-ivi-tupuna-tapati\/#primaryimage","url":"https:\/\/sinfullymag.com\/wp-content\/uploads\/cuando-los-ancestros-regresan-memoria-territorio-y-cultura-viva-en-rapa-nui-h1-imagen-destacada-4.jpg","contentUrl":"https:\/\/sinfullymag.com\/wp-content\/uploads\/cuando-los-ancestros-regresan-memoria-territorio-y-cultura-viva-en-rapa-nui-h1-imagen-destacada-4.jpg","width":1536,"height":1024,"caption":"Ilustraci\u00f3n editorial generada. Imagen de apoyo generada con IA para ayudar a contextualizar el art\u00edculo. No corresponde a un registro documental del hecho."},{"@type":"BreadcrumbList","@id":"https:\/\/sinfullymag.com\/cultura-rapa-nui-ivi-tupuna-tapati\/#breadcrumb","itemListElement":[{"@type":"ListItem","position":1,"name":"Inicio","item":"https:\/\/sinfullymag.com\/"},{"@type":"ListItem","position":2,"name":"Cuando los ancestros regresan: memoria, territorio y cultura viva en Rapa Nui"}]},{"@type":"WebSite","@id":"https:\/\/sinfullymag.com\/#website","url":"https:\/\/sinfullymag.com\/","name":"","description":"","publisher":{"@id":"https:\/\/sinfullymag.com\/#organization"},"alternateName":"TSS","potentialAction":[{"@type":"SearchAction","target":{"@type":"EntryPoint","urlTemplate":"https:\/\/sinfullymag.com\/?s={search_term_string}"},"query-input":{"@type":"PropertyValueSpecification","valueRequired":true,"valueName":"search_term_string"}}],"inLanguage":"en-US"},{"@type":"Organization","@id":"https:\/\/sinfullymag.com\/#organization","name":"The Sinful Society SpA","alternateName":"The Sinful Society","url":"https:\/\/sinfullymag.com\/","logo":{"@type":"ImageObject","inLanguage":"en-US","@id":"https:\/\/sinfullymag.com\/#\/schema\/logo\/image\/","url":"https:\/\/sinfullymag.com\/wp-content\/uploads\/Logo-HD-TSS-con-Letras--e1696201980518.png","contentUrl":"https:\/\/sinfullymag.com\/wp-content\/uploads\/Logo-HD-TSS-con-Letras--e1696201980518.png","width":72,"height":72,"caption":"The Sinful Society SpA"},"image":{"@id":"https:\/\/sinfullymag.com\/#\/schema\/logo\/image\/"},"sameAs":["https:\/\/web.facebook.com\/sinfulsocietycl","https:\/\/x.com\/SocietySinful","https:\/\/www.youtube.com\/channel\/UC5p6At3_PDuzuT5jHxqH-Rg"]},{"@type":"Person","@id":"https:\/\/sinfullymag.com\/#\/schema\/person\/8dc8ae8f559903156b413567c01b7fd5","name":"Diego","image":{"@type":"ImageObject","inLanguage":"en-US","@id":"https:\/\/secure.gravatar.com\/avatar\/f969525a6efba66c654fc71749bff821c685a37c28441c23dde431e0ae2f83c1?s=96&d=mm&r=r","url":"https:\/\/secure.gravatar.com\/avatar\/f969525a6efba66c654fc71749bff821c685a37c28441c23dde431e0ae2f83c1?s=96&d=mm&r=r","contentUrl":"https:\/\/secure.gravatar.com\/avatar\/f969525a6efba66c654fc71749bff821c685a37c28441c23dde431e0ae2f83c1?s=96&d=mm&r=r","caption":"Diego"},"sameAs":["https:\/\/sinfullymag.com"],"url":"https:\/\/sinfullymag.com\/en_us\/mi-perfil\/?uid=1"}]}},"_links":{"self":[{"href":"https:\/\/sinfullymag.com\/en_us\/wp-json\/wp\/v2\/posts\/4760","targetHints":{"allow":["GET"]}}],"collection":[{"href":"https:\/\/sinfullymag.com\/en_us\/wp-json\/wp\/v2\/posts"}],"about":[{"href":"https:\/\/sinfullymag.com\/en_us\/wp-json\/wp\/v2\/types\/post"}],"author":[{"embeddable":true,"href":"https:\/\/sinfullymag.com\/en_us\/wp-json\/wp\/v2\/users\/1"}],"replies":[{"embeddable":true,"href":"https:\/\/sinfullymag.com\/en_us\/wp-json\/wp\/v2\/comments?post=4760"}],"version-history":[{"count":7,"href":"https:\/\/sinfullymag.com\/en_us\/wp-json\/wp\/v2\/posts\/4760\/revisions"}],"predecessor-version":[{"id":4811,"href":"https:\/\/sinfullymag.com\/en_us\/wp-json\/wp\/v2\/posts\/4760\/revisions\/4811"}],"wp:featuredmedia":[{"embeddable":true,"href":"https:\/\/sinfullymag.com\/en_us\/wp-json\/wp\/v2\/media\/4796"}],"wp:attachment":[{"href":"https:\/\/sinfullymag.com\/en_us\/wp-json\/wp\/v2\/media?parent=4760"}],"wp:term":[{"taxonomy":"category","embeddable":true,"href":"https:\/\/sinfullymag.com\/en_us\/wp-json\/wp\/v2\/categories?post=4760"},{"taxonomy":"post_tag","embeddable":true,"href":"https:\/\/sinfullymag.com\/en_us\/wp-json\/wp\/v2\/tags?post=4760"}],"curies":[{"name":"wp","href":"https:\/\/api.w.org\/{rel}","templated":true}]}}