{"id":4157,"date":"2026-06-12T07:24:57","date_gmt":"2026-06-12T11:24:57","guid":{"rendered":"https:\/\/sinfullymag.com\/?p=4157"},"modified":"2026-06-13T19:52:20","modified_gmt":"2026-06-13T23:52:20","slug":"ciclos-de-la-vida-cumplir-anos-we-tripantu","status":"publish","type":"post","link":"https:\/\/sinfullymag.com\/en_us\/ciclos-de-la-vida-cumplir-anos-we-tripantu\/","title":{"rendered":"The cycles of life: aging, closing chapters, and starting anew"},"content":{"rendered":"<div class=\"wp-block-coblocks-hero alignfull coblocks-hero-51015019629\"><div class=\"wp-block-coblocks-hero__inner has-background-overlay bg-cover has-background-image bg-no-repeat bg-center-center has-background-overlay-40 hero-center-center-align has-padding has-huge-padding has-center-content is-fullscreen\" style=\"background-image:url(https:\/\/sinfullymag.com\/wp-content\/uploads\/hero-ciclos-de-la-vida.jpg)\"><div class=\"wp-block-coblocks-hero__content-wrapper\"><div class=\"wp-block-coblocks-hero__content\" style=\"max-width:560px\">\n<h2 class=\"wp-block-heading has-luminous-vivid-amber-color has-text-color has-link-color wp-elements-1\">\u00bfSientes que est\u00e1s entrando en un nuevo ciclo?<\/h2>\n\n\n\n<p class=\"has-white-color has-text-color has-link-color wp-elements-2 wp-block-paragraph\">En Desire Circle creamos espacios para conectar con personas afines y vivir experiencias con m\u00e1s sentido.<\/p>\n\n\n\n<div class=\"wp-block-buttons is-layout-flex wp-block-buttons-is-layout-flex\">\n<div class=\"wp-block-button\"><a class=\"wp-block-button__link wp-element-button\">Entrar a Desire Circle<\/a><\/div>\n\n\n\n<div class=\"wp-block-button is-style-outline is-style-outline--1\"><a class=\"wp-block-button__link wp-element-button\" href=\"https:\/\/sinfullymag.com\/en_us\/viajes\/\" target=\"_blank\" rel=\"noreferrer noopener nofollow\">Ver experiencias transformadoras<\/a><\/div>\n<\/div>\n<\/div><\/div><\/div><\/div>\n\n\n\n<p class=\"wp-block-paragraph\">Hay momentos en que la vida nos pide detenernos.<\/p>\n\n\n\n<p class=\"wp-block-paragraph\">A veces ocurre el d\u00eda de nuestro cumplea\u00f1os. A veces despu\u00e9s de una p\u00e9rdida, una mudanza, una separaci\u00f3n, una conversaci\u00f3n dif\u00edcil o una decisi\u00f3n que ven\u00edamos postergando hace demasiado tiempo.<\/p>\n\n\n\n<p class=\"wp-block-paragraph\">No siempre sabemos explicarlo, pero algo dentro de nosotros reconoce que una etapa termin\u00f3.<\/p>\n\n\n\n<p class=\"wp-block-paragraph\">Ya no somos exactamente los mismos.<\/p>\n\n\n\n<p class=\"wp-block-paragraph\">Hay formas de vivir, de amar, de esperar, de insistir o de protegernos que en alg\u00fan momento tuvieron sentido, pero que quiz\u00e1s hoy ya cumplieron su ciclo.<\/p>\n\n\n\n<p class=\"wp-block-paragraph\">Cumplir a\u00f1os puede ser eso: una pausa. Un umbral. Una oportunidad para mirar lo vivido y preguntarnos, sin juicio, qu\u00e9 queremos hacer con la nueva vuelta que comienza.<\/p>\n\n\n\n<p class=\"wp-block-paragraph\">Porque los ciclos de la vida no siempre se anuncian con claridad. A veces llegan como entusiasmo. Otras veces como cansancio. A veces se sienten como un cierre; otras, como una incomodidad que todav\u00eda no sabemos nombrar.<\/p>\n\n\n\n<p class=\"wp-block-paragraph\">Pero algo se mueve.<\/p>\n\n\n\n<p class=\"wp-block-paragraph\">Algo nos invita a escuchar con m\u00e1s atenci\u00f3n.<\/p>\n\n\n\n<h2 class=\"wp-block-heading\">Cumplir a\u00f1os: una vuelta al sol<\/h2>\n\n\n\n<p class=\"wp-block-paragraph\">Decimos \u201ccumplir a\u00f1os\u201d casi autom\u00e1ticamente, como si se tratara solo de sumar una cifra.<\/p>\n\n\n\n<p class=\"wp-block-paragraph\">Pero detr\u00e1s de esa expresi\u00f3n hay una imagen hermosa: cada cumplea\u00f1os marca una nueva vuelta de la Tierra alrededor del Sol desde el momento en que nacimos.<\/p>\n\n\n\n<p class=\"wp-block-paragraph\">Volvemos simb\u00f3licamente al punto de partida, pero no llegamos iguales.<\/p>\n\n\n\n<p class=\"wp-block-paragraph\">Llegamos con m\u00e1s historia, m\u00e1s preguntas y m\u00e1s cicatrices; a veces con mayor claridad, y otras con la necesidad profunda de encontrarla.<\/p>\n\n\n\n<p class=\"wp-block-paragraph\">A veces llegamos agradecidos. Otras veces llegamos cansados, confundidos o con la sensaci\u00f3n \u00edntima de que algo necesita cambiar.<\/p>\n\n\n\n<p class=\"wp-block-paragraph\">Por eso, cumplir a\u00f1os puede ser mucho m\u00e1s que una celebraci\u00f3n hacia afuera. Tambi\u00e9n puede ser una conversaci\u00f3n privada con nuestra propia vida.<\/p>\n\n\n\n<p class=\"wp-block-paragraph\">\u00bfQu\u00e9 aprend\u00ed este a\u00f1o?<br>\u00bfDe qu\u00e9 me siento agradecido?<br>\u00bfCu\u00e1l experiencia, h\u00e1bito o forma de vivir ya no quiero repetir?<br>\u00bfQu\u00e9 parte de m\u00ed necesita descanso, cuidado o silencio?<br>\u00bfQu\u00e9 deseo sembrar en este nuevo ciclo?<\/p>\n\n\n\n<p class=\"wp-block-paragraph\">No se trata de convertir cada cumplea\u00f1os en un examen. La vida ya nos exige demasiado como para sumar otra forma de juicio.<\/p>\n\n\n\n<p class=\"wp-block-paragraph\">Se trata m\u00e1s bien de detenernos un momento y escuchar.<\/p>\n\n\n\n<p class=\"wp-block-paragraph\">Porque cumplir a\u00f1os tambi\u00e9n puede ser una forma de despertar: reconocer lo vivido, honrar lo que nos trajo hasta aqu\u00ed y abrir espacio para lo que todav\u00eda quiere nacer.<\/p>\n\n\n\n<div class=\"wp-block-group is-layout-constrained wp-block-group-is-layout-constrained\">\n<div class=\"wp-block-group is-layout-constrained wp-container-core-group-is-layout-1afef60c wp-block-group-is-layout-constrained\" style=\"padding-top:var(--wp--preset--spacing--50);padding-right:var(--wp--preset--spacing--80);padding-bottom:var(--wp--preset--spacing--50);padding-left:var(--wp--preset--spacing--80)\">\n<div class=\"wp-block-columns is-layout-flex wp-container-core-columns-is-layout-995f960e wp-block-columns-is-layout-flex\">\n<div class=\"wp-block-column is-layout-flow wp-block-column-is-layout-flow\" style=\"flex-basis:33.34%\"><\/div>\n\n\n\n<div class=\"wp-block-column is-layout-flow wp-block-column-is-layout-flow\" style=\"flex-basis:33.33%\">\n<div class=\"wp-block-group has-luminous-vivid-amber-background-color has-background is-layout-constrained wp-block-group-is-layout-constrained\" style=\"border-style:none;border-width:0px;border-top-left-radius:10px;border-top-right-radius:10px;border-bottom-left-radius:10px;border-bottom-right-radius:10px\">\n<h3 class=\"wp-block-heading has-text-align-center has-text-color has-link-color has-medium-font-size wp-elements-3\" style=\"color:#fb0000\">Preguntas para abrir una nueva vuelta al sol<\/h3>\n\n\n\n<p class=\"has-text-align-center has-white-color has-text-color has-link-color wp-elements-4 wp-block-paragraph\"><strong>\u00bfQu\u00e9 aprend\u00ed?<br>\u00bfQu\u00e9 agradezco?<br>\u00bfQu\u00e9 suelto?<br>\u00bfQu\u00e9 quiero cuidar?<br>\u00bfQu\u00e9 deseo sembrar?<\/strong><\/p>\n<\/div>\n<\/div>\n\n\n\n<div class=\"wp-block-column is-layout-flow wp-block-column-is-layout-flow\" style=\"flex-basis:33.33%\"><\/div>\n<\/div>\n<\/div>\n<\/div>\n\n\n\n<p class=\"wp-block-paragraph\">In <em>Desire Circle<\/em> creemos que las experiencias m\u00e1s significativas comienzan cuando nos hacemos mejores preguntas.<\/p>\n\n\n\n<h2 class=\"wp-block-heading\">La vida no avanza en l\u00ednea recta<\/h2>\n\n\n\n<p class=\"wp-block-paragraph\">Nos ense\u00f1aron a pensar el tiempo como una escalera: subir, lograr, acumular, avanzar.<\/p>\n\n\n\n<p class=\"wp-block-paragraph\">Pero cuando miramos la naturaleza, la vida se parece mucho m\u00e1s a una espiral.<\/p>\n\n\n\n<p class=\"wp-block-paragraph\">Volvemos muchas veces a los mismos temas, pero desde otro lugar. Repetimos preguntas antiguas con una conciencia nueva. Cerramos ciclos que antes no supimos cerrar. Aprendemos, a veces lentamente, a elegir distinto.<\/p>\n\n\n\n<p class=\"wp-block-paragraph\">Nada vivo est\u00e1 siempre en expansi\u00f3n.<\/p>\n\n\n\n<blockquote class=\"wp-block-quote has-background is-layout-flow wp-block-quote-is-layout-flow\" style=\"background-color:#fa9f282e\">\n<p class=\"wp-block-paragraph\">La semilla primero se oculta.<br>La tierra tambi\u00e9n descansa.<br>El mar avanza y retrocede.<br>La luna crece, se llena, mengua y vuelve a empezar.<br>El invierno recoge la vida antes de permitir que regrese la luz.<\/p>\n<\/blockquote>\n\n\n\n<p class=\"wp-block-paragraph\">Nosotros tambi\u00e9n tenemos ese ritmo.<\/p>\n\n\n\n<p class=\"wp-block-paragraph\">Hay momentos para abrirse al mundo y otros para volver al centro; momentos para crear, esperar, vincularse, sanar, hablar y tambi\u00e9n guardar silencio. Cada etapa tiene su propio ritmo, y aprender a reconocerlo es parte de vivir con m\u00e1s conciencia.<\/p>\n\n\n\n<p class=\"wp-block-paragraph\">El problema aparece cuando intentamos vivir todas las etapas como si fueran verano.<\/p>\n\n\n\n<p class=\"wp-block-paragraph\">Cuando nos exigimos producir en medio del cansancio. Sonre\u00edr cuando todav\u00eda estamos procesando una p\u00e9rdida. Empezar algo nuevo sin haber cerrado lo anterior. Florecer cuando por dentro apenas estamos recuperando fuerzas.<\/p>\n\n\n\n<p class=\"wp-block-paragraph\">Reconocer los ciclos de la vida no significa quedarse inm\u00f3vil ni justificar el miedo al cambio.<\/p>\n\n\n\n<p class=\"wp-block-paragraph\">Significa aprender a leer el momento.<\/p>\n\n\n\n<p class=\"wp-block-paragraph\">Reconocer los ciclos de la vida es aprender a escuchar el momento que estamos atravesando: cu\u00e1ndo avanzar, cu\u00e1ndo hacer una pausa, cu\u00e1ndo agradecer lo vivido, cu\u00e1ndo soltar lo que ya cumpli\u00f3 su tiempo y cu\u00e1ndo abrirnos a comenzar de nuevo.<\/p>\n\n\n\n<figure class=\"wp-block-pullquote has-text-align-center has-palette-color-1-color has-text-color has-background has-link-color wp-elements-5\" style=\"background-color:#0b537c\"><blockquote><p>Porque muchas veces no estamos atrasados.<\/p><cite>Solo estamos atravesando una etapa distinta del ciclo: una pausa, una espera, un cierre o una preparaci\u00f3n antes de volver a florecer.<\/cite><\/blockquote><\/figure>\n\n\n\n<p class=\"wp-block-paragraph\">Quiz\u00e1s por eso buscamos experiencias que nos ayuden a detenernos, respirar y volver a escucharnos.<\/p>\n\n\n\n<h2 class=\"wp-block-heading\">Nuestros inviernos internos<\/h2>\n\n\n\n<p class=\"wp-block-paragraph\">Todos atravesamos inviernos internos.<\/p>\n\n\n\n<p class=\"wp-block-paragraph\">Etapas en que algo dentro de nosotros baja el ritmo: la energ\u00eda cambia, lo que antes nos impulsaba pierde fuerza y una parte m\u00e1s honesta empieza a reconocer que ya no puede seguir viviendo de la misma manera.<\/p>\n\n\n\n<p class=\"wp-block-paragraph\">A veces ese invierno aparece como cansancio.<br>Otras veces como duelo, otras como p\u00e9rdida de sentido, como necesidad de distancia o como una incomodidad que insiste, aunque intentemos seguir funcionando.<\/p>\n\n\n\n<p class=\"wp-block-paragraph\">Desde afuera puede parecer estancamiento. Pero no siempre lo es.<\/p>\n\n\n\n<p class=\"wp-block-paragraph\">A veces no estamos detenidos: estamos procesando, otras sentimos que estamos perdidos, pero en realidad estamos soltando. <\/p>\n\n\n\n<p class=\"wp-block-paragraph\">No estamos rotos: estamos dejando de obedecer una versi\u00f3n antigua de nosotros mismos.<\/p>\n\n\n\n<p class=\"wp-block-paragraph\">Los ciclos dif\u00edciles tambi\u00e9n traen informaci\u00f3n.<\/p>\n\n\n\n<p class=\"wp-block-paragraph\">Nos muestran qu\u00e9 v\u00ednculos ya no nutren: qu\u00e9 h\u00e1bitos nos apagan, qu\u00e9 deseos siguen vivos, las decisiones que hemos postergado.<\/p>\n\n\n\n<p class=\"wp-block-paragraph\">Qu\u00e9 parte de nuestra vida necesita una conversaci\u00f3n m\u00e1s honesta.<\/p>\n\n\n\n<p class=\"has-text-align-center is-style-warning has-medium-font-size wp-block-paragraph\"><strong>No todo cierre es fracaso. A veces cerrar es la forma m\u00e1s valiente de cuidar lo que viene.<\/strong><\/p>\n\n\n\n<p class=\"wp-block-paragraph\">Y quiz\u00e1s reconocer nuestro propio invierno sea el primer paso para dejar de exigirnos respuestas inmediatas. Hay etapas que no necesitan presi\u00f3n; necesitan escucha.<\/p>\n\n\n\n<p class=\"wp-block-paragraph\">Porque muchas veces no estamos atrasados.<\/p>\n\n\n\n<p class=\"wp-block-paragraph\">Solo estamos atravesando una etapa distinta del ciclo: en otra estaci\u00f3n de nuestro propio ciclo natural.<\/p>\n\n\n\n<p class=\"wp-block-paragraph\"><em><strong>A veces necesitamos espacios que nos ayuden a escucharnos mejor: una conversaci\u00f3n, una pausa, una caminata, una experiencia compartida.<\/strong><\/em><\/p>\n\n\n\n<h2 class=\"wp-block-heading\">Cuando el cielo y la tierra ordenaban el tiempo<\/h2>\n\n\n\n<figure class=\"wp-block-image size-large\"><img decoding=\"async\" width=\"1024\" height=\"683\" src=\"https:\/\/sinfullymag.com\/wp-content\/uploads\/Reconocer-cambios-1024x683.jpg\" alt=\"Cielo y naturaleza como s\u00edmbolo de los ciclos de la vida y las cosmovisiones ancestrales.\" class=\"wp-image-4165\" srcset=\"https:\/\/sinfullymag.com\/wp-content\/uploads\/Reconocer-cambios-1024x683.jpg 1024w, https:\/\/sinfullymag.com\/wp-content\/uploads\/Reconocer-cambios-300x200.jpg 300w, https:\/\/sinfullymag.com\/wp-content\/uploads\/Reconocer-cambios-768x512.jpg 768w, https:\/\/sinfullymag.com\/wp-content\/uploads\/Reconocer-cambios-18x12.jpg 18w, https:\/\/sinfullymag.com\/wp-content\/uploads\/Reconocer-cambios-600x400.jpg 600w, https:\/\/sinfullymag.com\/wp-content\/uploads\/Reconocer-cambios.jpg 1536w\" sizes=\"(max-width: 1024px) 100vw, 1024px\" \/><\/figure>\n\n\n\n<p class=\"wp-block-paragraph\">Antes de que el tiempo se midiera solo en calendarios, relojes y notificaciones, muchas culturas lo comprend\u00edan observando la naturaleza.<\/p>\n\n\n\n<p class=\"wp-block-paragraph\">El cielo, la tierra, los r\u00edos, los animales, las cosechas, el fr\u00edo, la lluvia, la luna y el sol eran se\u00f1ales. No estaban separados de la vida humana: formaban parte de una conversaci\u00f3n mayor.<\/p>\n\n\n\n<p class=\"wp-block-paragraph\">El tiempo no era solo algo que pasaba.<\/p>\n\n\n\n<p class=\"wp-block-paragraph\">Era algo que se habitaba.<\/p>\n\n\n\n<p class=\"wp-block-paragraph\">Hab\u00eda momentos para sembrar y momentos para cosechar. Momentos para agradecer y momentos para pedir protecci\u00f3n. Momentos para reunirse, limpiar, despedir, celebrar o comenzar de nuevo.<\/p>\n\n\n\n<p class=\"wp-block-paragraph\">En distintas cosmovisiones, el ser humano no aparece como due\u00f1o de la naturaleza, sino como parte de ella. Su cuerpo, sus v\u00ednculos, sus decisiones y sus ceremonias dialogan con los ciclos del territorio.<\/p>\n\n\n\n<p class=\"wp-block-paragraph\">Por eso, muchas culturas crearon rituales para marcar los tr\u00e1nsitos importantes de la vida.<\/p>\n\n\n\n<p class=\"wp-block-paragraph\">No porque necesitaran solemnidad vac\u00eda, sino porque sab\u00edan algo que hoy a veces olvidamos: los cambios necesitan ser reconocidos.<\/p>\n\n\n\n<p class=\"wp-block-paragraph\">Necesitamos decir: esto termin\u00f3; esto doli\u00f3.<br>Esto lo agradezco.<br>Esto lo dejo ir.<br>Esto quiero comenzar.<\/p>\n\n\n\n<p class=\"wp-block-paragraph\">Cuando no marcamos los ciclos, pasamos de una etapa a otra sin integrar lo vivido. Seguimos avanzando, pero no siempre comprendemos qu\u00e9 dejamos atr\u00e1s ni qu\u00e9 estamos intentando abrir.<\/p>\n\n\n\n<p class=\"wp-block-paragraph\">Quiz\u00e1s por eso volver a mirar los ciclos naturales no es retroceder.<\/p>\n\n\n\n<p class=\"wp-block-paragraph\">Es recordar que la vida tiene ritmos m\u00e1s profundos que nuestra prisa.<\/p>\n\n\n\n<div class=\"wp-block-columns is-layout-flex wp-container-core-columns-is-layout-995f960e wp-block-columns-is-layout-flex\">\n<div class=\"wp-block-column is-layout-flow wp-block-column-is-layout-flow\"><\/div>\n\n\n\n<div class=\"wp-block-column is-layout-flow wp-block-column-is-layout-flow\">\n<div class=\"wp-block-group has-palette-color-1-background-color has-background is-layout-constrained wp-block-group-is-layout-constrained\" style=\"border-top-left-radius:10px;border-top-right-radius:10px;border-bottom-left-radius:10px;border-bottom-right-radius:10px\">\n<h3 class=\"wp-block-heading has-vivid-red-color has-text-color has-link-color has-medium-font-size wp-elements-6\">Los cambios necesitan ser reconocidos<\/h3>\n\n\n\n<p class=\"has-white-color has-text-color has-link-color wp-elements-7 wp-block-paragraph\" style=\"line-height:1\"><strong>Agradecer, soltar, cerrar y comenzar son gestos humanos. <\/strong><\/p>\n\n\n\n<p class=\"has-white-color has-text-color has-link-color wp-elements-8 wp-block-paragraph\" style=\"line-height:1\"><strong>No pertenecen solo a una tradici\u00f3n: forman parte de nuestra necesidad profunda de darle sentido a lo vivido.<\/strong><\/p>\n<\/div>\n<\/div>\n\n\n\n<div class=\"wp-block-column is-layout-flow wp-block-column-is-layout-flow\"><\/div>\n<\/div>\n\n\n\n<p class=\"wp-block-paragraph\">In <em>Desire Circle<\/em> creemos que las experiencias con sentido comienzan cuando dejamos de vivir en autom\u00e1tico y volvemos a escuchar nuestros propios ciclos.<\/p>\n\n\n\n<h2 class=\"wp-block-heading\">We Tripantu: la noche m\u00e1s larga y el regreso de la luz<\/h2>\n\n\n\n<div class=\"wp-block-columns is-layout-flex wp-container-core-columns-is-layout-995f960e wp-block-columns-is-layout-flex\">\n<div class=\"wp-block-column is-layout-flow wp-block-column-is-layout-flow\" style=\"flex-basis:60%\">\n<div class=\"wp-block-group is-layout-constrained wp-block-group-is-layout-constrained\">\n<p class=\"wp-block-paragraph\">En el territorio que habitamos, una de las expresiones m\u00e1s profundas de esta comprensi\u00f3n c\u00edclica es el We Tripantu.<\/p>\n\n\n\n<p class=\"wp-block-paragraph\">Para el pueblo mapuche, el We Tripantu est\u00e1 asociado al retorno del sol, al inicio de un nuevo ciclo y a la renovaci\u00f3n de la vida. Suele vincularse con el solsticio de invierno, ese momento del a\u00f1o en que la noche alcanza su mayor extensi\u00f3n y, desde ah\u00ed, la luz comienza lentamente a regresar.<\/p>\n\n\n\n<p class=\"wp-block-paragraph\">La imagen es simple, pero poderosa: despu\u00e9s de la noche m\u00e1s larga, vuelve la luz.<\/p>\n\n\n\n<p class=\"wp-block-paragraph\">No de golpe. No como espect\u00e1culo. Vuelve poco a poco.<\/p>\n\n\n\n<h3 class=\"wp-block-heading\">Esa ense\u00f1anza puede tocar tambi\u00e9n nuestra vida cotidiana. <\/h3>\n\n\n\n<p class=\"wp-block-paragraph\">Porque todos hemos tenido noches largas. Momentos donde algo parec\u00eda apagarse. Etapas donde no sab\u00edamos qu\u00e9 ven\u00eda despu\u00e9s. D\u00edas en que la claridad se sent\u00eda lejana.<\/p>\n\n\n\n<p class=\"wp-block-paragraph\">El We Tripantu nos recuerda que la oscuridad no siempre es enemiga de la vida. A veces es el espacio donde algo se limpia, se ordena y se prepara para comenzar nuevamente.<\/p>\n\n\n\n<p class=\"wp-block-paragraph\">No se trata solo de cambiar de fecha. Se trata de renovar la relaci\u00f3n con la vida.<\/p>\n<\/div>\n<\/div>\n\n\n\n<div class=\"wp-block-column is-layout-flow wp-block-column-is-layout-flow\" style=\"flex-basis:40%\">\n<figure class=\"wp-block-image size-large\"><img decoding=\"async\" width=\"819\" height=\"1024\" src=\"https:\/\/sinfullymag.com\/wp-content\/uploads\/Amanecer-Araucarias-819x1024.jpg\" alt=\"Amanecer dorado en un bosque de araucarias, s\u00edmbolo de los ciclos de la vida, el We Tripantu, el solsticio de invierno y el regreso de la luz.\" class=\"wp-image-4167\" srcset=\"https:\/\/sinfullymag.com\/wp-content\/uploads\/Amanecer-Araucarias-819x1024.jpg 819w, https:\/\/sinfullymag.com\/wp-content\/uploads\/Amanecer-Araucarias-240x300.jpg 240w, https:\/\/sinfullymag.com\/wp-content\/uploads\/Amanecer-Araucarias-768x960.jpg 768w, https:\/\/sinfullymag.com\/wp-content\/uploads\/Amanecer-Araucarias-10x12.jpg 10w, https:\/\/sinfullymag.com\/wp-content\/uploads\/Amanecer-Araucarias-600x750.jpg 600w, https:\/\/sinfullymag.com\/wp-content\/uploads\/Amanecer-Araucarias.jpg 1122w\" sizes=\"(max-width: 819px) 100vw, 819px\" \/><figcaption class=\"wp-element-caption\">El amanecer entre araucarias evoca el inicio de un nuevo ciclo, la pausa del invierno y la luz que vuelve lentamente despu\u00e9s de la noche m\u00e1s larga.<\/figcaption><\/figure>\n<\/div>\n<\/div>\n\n\n\n<div class=\"wp-block-group is-layout-constrained wp-block-group-is-layout-constrained\">\n<p class=\"wp-block-paragraph\">Se trata de agradecer lo recibido, soltar aquello que pesa, volver a reunirse con otros y escuchar la naturaleza con m\u00e1s atenci\u00f3n. Es una invitaci\u00f3n a recordar que no estamos separados del mundo que habitamos, sino que formamos parte de un ciclo mayor que nos contiene, nos transforma y nos llama, cada cierto tiempo, a comenzar nuevamente.<\/p>\n\n\n\n<p class=\"wp-block-paragraph\">En una \u00e9poca que suele celebrar los comienzos desde el ruido, la velocidad y la euforia, esta mirada propone algo distinto: comenzar desde la pausa.<\/p>\n\n\n\n<p class=\"wp-block-paragraph\">Desde el invierno, la gratitud, y la certeza silenciosa de que incluso despu\u00e9s de una larga oscuridad, la luz siempre encuentra una forma de volver.<\/p>\n<\/div>\n\n\n\n<p class=\"wp-block-paragraph\">Algunas experiencias no buscan distraernos de la vida, sino ayudarnos a volver a ella con m\u00e1s conciencia.<br><\/p>\n\n\n\n<h2 class=\"wp-block-heading\">El invierno como maestro<\/h2>\n\n\n\n<p class=\"wp-block-paragraph\">Solemos asociar el renacer con la primavera.<\/p>\n\n\n\n<p class=\"wp-block-paragraph\">Con las flores, el movimiento, la expansi\u00f3n y la vida mostr\u00e1ndose hacia afuera. Pero muchos renacimientos comienzan mucho antes, en lugares menos visibles.<\/p>\n\n\n\n<p class=\"wp-block-paragraph\">El invierno no es ausencia de vida. Es concentraci\u00f3n.<\/p>\n\n\n\n<figure class=\"wp-block-image size-large\"><img decoding=\"async\" width=\"1024\" height=\"683\" src=\"https:\/\/sinfullymag.com\/wp-content\/uploads\/Invierno-como-maestro-1024x683.jpg\" alt=\"Sendero invernal entre \u00e1rboles y niebla como s\u00edmbolo de los ciclos de la vida, la pausa interior y la transformaci\u00f3n personal.\" class=\"wp-image-4170\" srcset=\"https:\/\/sinfullymag.com\/wp-content\/uploads\/Invierno-como-maestro-1024x683.jpg 1024w, https:\/\/sinfullymag.com\/wp-content\/uploads\/Invierno-como-maestro-300x200.jpg 300w, https:\/\/sinfullymag.com\/wp-content\/uploads\/Invierno-como-maestro-768x512.jpg 768w, https:\/\/sinfullymag.com\/wp-content\/uploads\/Invierno-como-maestro-18x12.jpg 18w, https:\/\/sinfullymag.com\/wp-content\/uploads\/Invierno-como-maestro-600x400.jpg 600w, https:\/\/sinfullymag.com\/wp-content\/uploads\/Invierno-como-maestro.jpg 1536w\" sizes=\"(max-width: 1024px) 100vw, 1024px\" \/><figcaption class=\"wp-element-caption\">El invierno nos recuerda que no todo crecimiento ocurre hacia afuera. A veces la vida necesita silencio, pausa y tiempo para volver a ordenarse por dentro.<\/figcaption><\/figure>\n\n\n\n<p class=\"wp-block-paragraph\">Aunque la superficie parezca quieta, la vida sigue trabajando en silencio. Bajo la tierra, la ra\u00edz se afirma; en el paisaje recogido, algo se protege; y cuando la luz disminuye, la vida aprende a sostenerse desde adentro.<\/p>\n\n\n\n<h3 class=\"wp-block-heading\">Tambi\u00e9n nosotros necesitamos inviernos.<\/h3>\n\n\n\n<p class=\"wp-block-paragraph\">No para quedarnos ah\u00ed para siempre, sino para escuchar con m\u00e1s honestidad. Para dejar de correr. Para distinguir entre lo que queremos de verdad y lo que seguimos haciendo por costumbre.<\/p>\n\n\n\n<p class=\"wp-block-paragraph\">Hay decisiones que solo maduran en silencio, duelos que no aceptan prisa y deseos que necesitan tiempo antes de encontrar forma. Tambi\u00e9n hay nuevas versiones de nosotros que no nacen desde la euforia, sino desde una claridad m\u00e1s profunda: esa que aparece despu\u00e9s de haber atravesado una etapa dif\u00edcil y comenzar, lentamente, a comprender lo vivido.<\/p>\n\n\n\n<p class=\"wp-block-paragraph\">El invierno ense\u00f1a que no todo lo importante se ve de inmediato.<\/p>\n\n\n\n<blockquote class=\"wp-block-quote has-background is-layout-flow wp-block-quote-is-layout-flow\" style=\"background-color:#fa9f2833\">\n<p class=\"wp-block-paragraph\">A veces, mientras creemos que nada est\u00e1 ocurriendo, algo profundo se est\u00e1 ordenando por dentro.<\/p>\n<\/blockquote>\n\n\n\n<p class=\"wp-block-paragraph\">Por eso incomoda tanto en una \u00e9poca obsesionada con mostrarlo todo. Porque el invierno no siempre ofrece resultados visibles. No siempre se puede explicar, publicar o celebrar. Pero puede ser profundamente f\u00e9rtil.<\/p>\n\n\n\n<p class=\"wp-block-paragraph\">Nos recuerda que descansar tambi\u00e9n es participar del ciclo. Que esperar no siempre es perder tiempo. Que bajar el ritmo puede ser una forma de volver a escucharnos.<\/p>\n\n\n\n<p class=\"wp-block-paragraph\">Y que antes de volver a florecer, muchas veces necesitamos aprender a habitar la pausa.<\/p>\n\n\n\n<p class=\"wp-block-paragraph\">A veces necesitamos salir del ruido para volver a escucharnos. En Desire Circle dise\u00f1amos experiencias que invitan a pausar, conectar y abrir nuevos ciclos junto a personas afines.<\/p>\n\n\n\n<div class=\"wp-block-buttons is-content-justification-right is-layout-flex wp-container-core-buttons-is-layout-026eaadd wp-block-buttons-is-layout-flex\">\n<div class=\"wp-block-button is-style-outline is-style-outline--2\"><a class=\"wp-block-button__link has-text-align-left wp-element-button\" href=\"https:\/\/sinfullymag.com\/en_us\/viajes\/\" target=\"_blank\" rel=\"noreferrer noopener nofollow\">Ver experiencias transformadoras<\/a><\/div>\n<\/div>\n\n\n\n<h2 class=\"wp-block-heading\">Mirar las estrellas: recuperar perspectiva<\/h2>\n\n\n\n<p class=\"wp-block-paragraph\">Desde siempre, el cielo ha sido calendario, br\u00fajula, misterio y espejo.<\/p>\n\n\n\n<p class=\"wp-block-paragraph\">Mirar las estrellas nos saca por un momento del ruido inmediato. Las preocupaciones no desaparecen, pero cambian de tama\u00f1o. Lo urgente se acomoda. Lo esencial comienza a escucharse con m\u00e1s claridad.<\/p>\n\n\n\n<blockquote class=\"wp-block-quote has-background is-layout-flow wp-block-quote-is-layout-flow\" style=\"background-color:#fa9f2836\">\n<p class=\"wp-block-paragraph\">Bajo el cielo nocturno, la vida deja de sentirse como una carrera y vuelve a sentirse como un viaje.<\/p>\n<\/blockquote>\n\n\n\n<p class=\"wp-block-paragraph\">Tal vez por eso tantas culturas miraron hacia arriba para orientarse. No solo para desplazarse por la tierra, sino para recordar su lugar en el mundo.<\/p>\n\n\n\n<figure class=\"wp-block-image size-large\"><img decoding=\"async\" width=\"1024\" height=\"768\" src=\"https:\/\/sinfullymag.com\/wp-content\/uploads\/Via-lactea-Valle-1024x768.jpg\" alt=\"V\u00eda L\u00e1ctea sobre el Observatorio Mamalluca en el Valle del Elqui, cielo nocturno como s\u00edmbolo de los ciclos de la vida, el We Tripantu y la conexi\u00f3n con un ciclo mayor.\" class=\"wp-image-4175\" srcset=\"https:\/\/sinfullymag.com\/wp-content\/uploads\/Via-lactea-Valle-1024x768.jpg 1024w, https:\/\/sinfullymag.com\/wp-content\/uploads\/Via-lactea-Valle-300x225.jpg 300w, https:\/\/sinfullymag.com\/wp-content\/uploads\/Via-lactea-Valle-768x576.jpg 768w, https:\/\/sinfullymag.com\/wp-content\/uploads\/Via-lactea-Valle-16x12.jpg 16w, https:\/\/sinfullymag.com\/wp-content\/uploads\/Via-lactea-Valle-600x450.jpg 600w, https:\/\/sinfullymag.com\/wp-content\/uploads\/Via-lactea-Valle.jpg 1448w\" sizes=\"(max-width: 1024px) 100vw, 1024px\" \/><figcaption class=\"wp-element-caption\">La V\u00eda L\u00e1ctea se despliega sobre el Observatorio Mamalluca, en el Valle del Elqui, record\u00e1ndonos que mirar el cielo tambi\u00e9n es una forma de volver a los ciclos de la vida, recuperar perspectiva y abrir espacio para un nuevo comienzo.<\/figcaption><\/figure>\n\n\n\n<p class=\"wp-block-paragraph\">Las estrellas no entregan respuestas simples. Entregan perspectiva.<\/p>\n\n\n\n<p class=\"wp-block-paragraph\">Nos recuerdan que somos peque\u00f1os, pero no insignificantes. Que nuestra vida forma parte de algo m\u00e1s amplio. Que cada ciclo tiene sentido, incluso cuando todav\u00eda no podemos comprenderlo por completo.<\/p>\n\n\n\n<p class=\"wp-block-paragraph\">Mirar el cielo tambi\u00e9n puede ser una forma de humildad.<\/p>\n\n\n\n<p class=\"wp-block-paragraph\">Una manera de dejar de creernos separados de todo y volver a sentir que pertenecemos: a la tierra, al tiempo, a la noche, a la memoria, a los v\u00ednculos que nos sostienen y a las preguntas que todav\u00eda nos mantienen despiertos.<\/p>\n\n\n\n<p class=\"wp-block-paragraph\">Quiz\u00e1s por eso, cuando levantamos la vista, algo se ordena.<\/p>\n\n\n\n<p class=\"wp-block-paragraph\">No porque encontremos todas las respuestas.<\/p>\n\n\n\n<p class=\"wp-block-paragraph\">Sino porque por un instante dejamos de correr.<\/p>\n\n\n\n<p class=\"wp-block-paragraph\">A veces una experiencia significativa comienza con algo simple: detenerse, mirar distinto y compartir el camino con personas afines.<\/p>\n\n\n\n<h2 class=\"wp-block-heading\">Nuevos rituales para nuevos ciclos<\/h2>\n\n\n\n<p class=\"wp-block-paragraph\">Muchas personas ya no se sienten representadas por los rituales tradicionales. Sin embargo, la necesidad de marcar los momentos importantes de la vida sigue intacta.<\/p>\n\n\n\n<p class=\"wp-block-paragraph\">Necesitamos formas de cerrar etapas, agradecer lo vivido y celebrar con m\u00e1s sentido. Espacios que nos permitan iniciar un nuevo ciclo sin hacerlo en autom\u00e1tico; mirar con calma lo que dejamos atr\u00e1s antes de seguir avanzando.<\/p>\n\n\n\n<p class=\"wp-block-paragraph\">Porque cuando no tenemos espacios para reconocer lo que nos pasa, muchas veces cruzamos de un ciclo a otro sin integrar la experiencia.<\/p>\n\n\n\n<blockquote class=\"wp-block-quote has-background is-layout-flow wp-block-quote-is-layout-flow\" style=\"background-color:#fa9f2829\">\n<p class=\"wp-block-paragraph\">Seguimos funcionando, pero no siempre comprendemos.<\/p>\n<\/blockquote>\n\n\n\n<p class=\"wp-block-paragraph\">Hoy esos rituales pueden tomar nuevas formas: una caminata, una conversaci\u00f3n honesta, una cena \u00edntima, un viaje consciente, una noche bajo las estrellas, un c\u00edrculo de personas afines o una pausa junto a la naturaleza.<\/p>\n\n\n\n<p class=\"wp-block-paragraph\">No necesitan ser solemnes ni perfectos.<\/p>\n\n\n\n<p class=\"wp-block-paragraph\">Necesitan tener intenci\u00f3n.<\/p>\n\n\n\n<p class=\"wp-block-paragraph\">Un ritual puede ser tan simple como detenerse a escribir lo que queremos dejar atr\u00e1s. Llamar a alguien con quien necesitamos hablar. Caminar en silencio. Mirar el cielo. Compartir una mesa. Volver al cuerpo. Hacer una pregunta honesta y quedarnos el tiempo suficiente para escuchar la respuesta.<\/p>\n\n\n\n<p class=\"wp-block-paragraph\">En una \u00e9poca donde casi todo nos empuja a seguir corriendo, elegir una pausa tambi\u00e9n puede ser una forma de transformaci\u00f3n.<\/p>\n\n\n\n<p class=\"wp-block-paragraph\">No para escapar de la vida, sino para volver a ella con m\u00e1s presencia.<\/p>\n\n\n\n<div class=\"wp-block-columns is-layout-flex wp-container-core-columns-is-layout-995f960e wp-block-columns-is-layout-flex\">\n<div class=\"wp-block-column is-layout-flow wp-block-column-is-layout-flow\" style=\"flex-basis:20%\"><\/div>\n\n\n\n<div class=\"wp-block-column has-palette-color-1-background-color has-background is-layout-flow wp-block-column-is-layout-flow\" style=\"border-top-left-radius:10px;border-top-right-radius:10px;border-bottom-left-radius:10px;border-bottom-right-radius:10px;padding-top:var(--wp--preset--spacing--30);padding-bottom:var(--wp--preset--spacing--30);flex-basis:60%\">\n<h3 class=\"wp-block-heading has-text-align-center has-vivid-red-color has-text-color has-link-color has-medium-font-size wp-elements-9\"><strong>Peque\u00f1os gestos para marcar un nuevo ciclo<\/strong><\/h3>\n\n\n\n<ul style=\"margin-top:var(--wp--preset--spacing--30);margin-right:var(--wp--preset--spacing--60);margin-bottom:var(--wp--preset--spacing--30);margin-left:var(--wp--preset--spacing--60)\" class=\"wp-block-list is-style-checkbox has-white-color has-text-color has-link-color wp-elements-10\">\n<li><strong>Escribe qu\u00e9 quieres dejar atr\u00e1s.<\/strong><\/li>\n\n\n\n<li><strong>Agradece algo que te sostuvo.<\/strong><\/li>\n\n\n\n<li><strong>Camina sin aud\u00edfonos.<\/strong><\/li>\n\n\n\n<li><strong>Comparte una conversaci\u00f3n honesta.<\/strong><\/li>\n\n\n\n<li><strong>Mira el cielo sin buscar respuestas.<\/strong><\/li>\n\n\n\n<li style=\"margin-top:0;margin-bottom:0\"><strong>Elige una experiencia que te ayude a volver a ti.<\/strong><\/li>\n<\/ul>\n<\/div>\n\n\n\n<div class=\"wp-block-column is-layout-flow wp-block-column-is-layout-flow\" style=\"flex-basis:20%\"><\/div>\n<\/div>\n\n\n\n<h2 class=\"wp-block-heading\">Experiencias para volver a conectar<\/h2>\n\n\n\n<p class=\"wp-block-paragraph\">En Desire Circle creamos espacios para compartir con personas afines, salir del ruido y vivir experiencias con m\u00e1s sentido: viajes, bienestar, naturaleza, conversaci\u00f3n y comunidad.<\/p>\n\n\n\n<div class=\"wp-block-buttons is-layout-flex wp-block-buttons-is-layout-flex\">\n<div class=\"wp-block-button\"><a class=\"wp-block-button__link wp-element-button\" href=\"https:\/\/sinfullymag.com\/en_us\/viajes\/\" target=\"_blank\" rel=\"noreferrer noopener nofollow\">Ver experiencias transformadoras<\/a><\/div>\n\n\n\n<div class=\"wp-block-button is-style-outline is-style-outline--3\"><a class=\"wp-block-button__link wp-element-button\" href=\"https:\/\/sinfullymag.com\/en_us\/the-desire-circle\/\">Participar de Desire Circle<\/a><\/div>\n<\/div>\n\n\n\n<p class=\"has-small-font-size wp-block-paragraph\">Sin prisa, sin presi\u00f3n. Solo una invitaci\u00f3n a explorar nuevas formas de conectar.<\/p>\n\n\n\n<h2 class=\"wp-block-heading\">Encontrarse con otros tambi\u00e9n puede abrir un nuevo ciclo<\/h2>\n\n\n\n<p class=\"wp-block-paragraph\">Aunque muchos procesos internos ocurren en silencio, no todo renacimiento tiene que ser solitario.<\/p>\n\n\n\n<p class=\"wp-block-paragraph\">Hay algo profundamente humano en compartir una mesa, una caminata, una conversaci\u00f3n honesta, una noche bajo las estrellas o una pausa junto a la naturaleza.<\/p>\n\n\n\n<p class=\"wp-block-paragraph\">Compartir con otras personas tambi\u00e9n nos ayuda a poner en perspectiva lo que estamos viviendo. A veces, en una conversaci\u00f3n simple, descubrimos que no somos los \u00fanicos cerrando etapas, buscando sentido, aprendiendo a vincularnos de otra manera o intentando vivir con m\u00e1s coherencia.\u00e1s coherencia.<\/p>\n\n\n\n<p class=\"wp-block-paragraph\">In <em>Desire Circle<\/em> creemos en ese tipo de experiencias: espacios cuidados para conectar desde la afinidad, la confianza, el respeto y las ganas de vivir con m\u00e1s intenci\u00f3n.<\/p>\n\n\n\n<p class=\"wp-block-paragraph\">No se trata solo de conocer gente.<\/p>\n\n\n\n<p class=\"wp-block-paragraph\">Se trata de abrir posibilidades&#8230; de amistad, bienestar, conversaci\u00f3n, deseo, viaje, comunidad y nuevos comienzos.<\/p>\n\n\n\n<p class=\"wp-block-paragraph\">Desde esta mirada nace tambi\u00e9n \u201cRenacer bajo las estrellas\u201d, una experiencia de invierno inspirada en los valores universales del We Tripantu: renovaci\u00f3n, gratitud, naturaleza, comunidad y conexi\u00f3n con el cielo.<\/p>\n\n\n\n<p class=\"wp-block-paragraph\">No como una fiesta tem\u00e1tica. No como un retiro tradicional. Sino como una pausa significativa para compartir, contemplar, cerrar un ciclo y abrir otro bajo los cielos del Valle del Elqui.<\/p>\n\n\n\n<figure class=\"wp-block-pullquote has-palette-color-1-color has-text-color has-background has-link-color wp-elements-11\" style=\"background-color:#0b537c\"><blockquote><p>Porque despu\u00e9s de la noche m\u00e1s larga, la luz siempre comienza a regresar.<\/p><cite>Y a veces basta con detenernos, mirar hacia arriba y recordar que tambi\u00e9n nosotros podemos volver a empezar.<\/cite><\/blockquote><\/figure>\n\n\n\n<h2 class=\"wp-block-heading\">\u00bfEn qu\u00e9 ciclo est\u00e1s?<\/h2>\n\n\n\n<p class=\"wp-block-paragraph\">\u00bfEn qu\u00e9 ciclo est\u00e1s?<\/p>\n\n\n\n<p class=\"wp-block-paragraph\">Quiz\u00e1s mirar las estrellas no nos entregue respuestas inmediatas, pero puede regalarnos algo igual de valioso: una pausa. Un silencio desde donde volver a escucharnos y preguntarnos en qu\u00e9 momento interno estamos. Porque muchas veces seguimos avanzando, respondiendo y cumpliendo expectativas, incluso cuando algo dentro de nosotros ya empez\u00f3 a cambiar. Hay etapas para abrirse al mundo, otras para aprender, sanar o soltar. Hay ciclos donde sembramos, otros donde cosechamos, y otros donde simplemente necesitamos confiar en que algo se est\u00e1 preparando bajo la superficie, aunque todav\u00eda no podamos verlo.<\/p>\n\n\n\n<p class=\"wp-block-paragraph\">La pregunta, entonces, no es solo qu\u00e9 queremos lograr, sino en qu\u00e9 ciclo estamos hoy. \u00bfHay algo que necesitamos agradecer? \u00bfAlgo que debemos dejar atr\u00e1s? \u00bfEstamos intentando avanzar o aprendiendo a escuchar? Reconocer el propio ciclo no resuelve todos los problemas, pero cambia la forma en que nos relacionamos con ellos: nos vuelve m\u00e1s pacientes, m\u00e1s conscientes y m\u00e1s capaces de distinguir entre una pausa necesaria y una renuncia. Quiz\u00e1s eso nos ense\u00f1an los cumplea\u00f1os, el invierno, el We Tripantu y las estrellas: la vida no nos pide estar siempre en el mismo lugar; nos pide presencia para cerrar cuando algo termina, agradecer cuando algo nos sostuvo y volver a comenzar cuando la luz, poco a poco, empieza a regresar.<\/p>\n\n\n\n<div class=\"wp-block-group has-palette-color-1-background-color has-background is-layout-constrained wp-block-group-is-layout-constrained\" style=\"border-top-left-radius:10px;border-top-right-radius:10px;border-bottom-left-radius:10px;border-bottom-right-radius:10px\">\n<h3 class=\"wp-block-heading has-vivid-red-color has-text-color has-link-color has-medium-font-size wp-elements-12\">Tal vez la pregunta m\u00e1s honesta sea:<\/h3>\n\n\n\n<div class=\"wp-block-group is-layout-constrained wp-block-group-is-layout-constrained\">\n<p class=\"has-palette-color-8-color has-text-color has-link-color wp-elements-13 wp-block-paragraph\" style=\"line-height:1\"><strong>\u00bfEn qu\u00e9 ciclo estoy?<\/strong><\/p>\n\n\n\n<p class=\"has-palette-color-8-color has-text-color has-link-color wp-elements-14 wp-block-paragraph\" style=\"line-height:1\"><strong>\u00bfHay algo que necesito agradecer?<\/strong><\/p>\n\n\n\n<p class=\"has-palette-color-8-color has-text-color has-link-color wp-elements-15 wp-block-paragraph\" style=\"line-height:1\"><strong>\u00bfHay algo que necesito dejar atr\u00e1s?<\/strong><\/p>\n\n\n\n<p class=\"has-palette-color-8-color has-text-color has-link-color wp-elements-16 wp-block-paragraph\" style=\"line-height:1\"><strong>\u00bfEstoy intentando avanzar o estoy aprendiendo a escuchar?<\/strong><\/p>\n\n\n\n<p class=\"has-palette-color-8-color has-text-color has-link-color wp-elements-17 wp-block-paragraph\" style=\"line-height:1\"><strong>\u00bfEstoy comenzando algo nuevo o todav\u00eda estoy cerrando una etapa?<\/strong><\/p>\n<\/div>\n<\/div>\n\n\n\n<p class=\"wp-block-paragraph\">Reconocer el propio ciclo no resuelve todos los problemas.<\/p>\n\n\n\n<p class=\"wp-block-paragraph\">Pero cambia la forma en que nos relacionamos con ellos.<\/p>\n\n\n\n<p class=\"wp-block-paragraph\">Nos vuelve m\u00e1s pacientes. M\u00e1s conscientes. M\u00e1s capaces de distinguir entre una pausa necesaria y una renuncia. Entre un final doloroso y una liberaci\u00f3n. Entre una espera f\u00e9rtil y un miedo disfrazado de prudencia.<\/p>\n\n\n\n<p class=\"wp-block-paragraph\">Quiz\u00e1s eso nos ense\u00f1an los cumplea\u00f1os, el invierno, el We Tripantu y las estrellas: que la vida no nos pide estar siempre en el mismo lugar.<\/p>\n\n\n\n<p class=\"wp-block-paragraph\">Nos pide presencia.<\/p>\n\n\n\n<p class=\"wp-block-paragraph\">Nos pide aprender a cerrar cuando algo termina, agradecer cuando algo nos sostuvo y volver a comenzar cuando la luz, poco a poco, empieza a regresar.<\/p>\n\n\n\n<div class=\"wp-block-group is-layout-constrained wp-block-group-is-layout-constrained\">\n<div class=\"wp-block-group has-palette-color-8-background-color has-background is-layout-constrained wp-block-group-is-layout-constrained\">\n<p class=\"wp-block-paragraph\">Si esta reflexi\u00f3n reson\u00f3 contigo, quiz\u00e1s sea un buen momento para seguir explorando.<\/p>\n\n\n\n<p class=\"wp-block-paragraph\">Explorar nuevas conversaciones. Nuevas experiencias. Nuevas formas de conectar con personas afines y con los ciclos que atraviesan tu propia vida.<\/p>\n\n\n\n<div class=\"wp-block-buttons is-layout-flex wp-block-buttons-is-layout-flex\">\n<div class=\"wp-block-button\"><a class=\"wp-block-button__link wp-element-button\" href=\"https:\/\/sinfullymag.com\/en_us\/the-desire-circle\/\">Entrar a Desire Circle<\/a><\/div>\n\n\n\n<div class=\"wp-block-button is-style-outline is-style-outline--4\"><a class=\"wp-block-button__link wp-element-button\" href=\"https:\/\/sinfullymag.com\/en_us\/circulo-plus-afiliados\/\">What is C\u00edrculo+?<\/a><\/div>\n<\/div>\n<\/div>\n<\/div>","protected":false},"excerpt":{"rendered":"<p>Having a birthday isn't just about adding years: it's about completing a lap around the sun, looking back at what's been lived, and recognizing what cycle we're in. A reflection on the cycles of life, the inner winter, We Tripantu, and the possibility of starting anew with more consciousness.<\/p>","protected":false},"author":1,"featured_media":4180,"comment_status":"open","ping_status":"open","sticky":false,"template":"","format":"standard","meta":{"_coblocks_attr":"","_coblocks_dimensions":"{\"coblocks-hero-51015019629\":{\"padding\":{}}}","_coblocks_responsive_height":"","_coblocks_accordion_ie_support":"","footnotes":""},"categories":[866,1239],"tags":[1231,1236,1225,1221,1176,1222,1220,1217,1228,1233,1224,1235,1232,1227,1229,1179,1234,1226,1223,1230],"class_list":["post-4157","post","type-post","status-publish","format-standard","has-post-thumbnail","hentry","category-actualidad","category-bienestar-cuerpo","tag-ano-nuevo-mapuche","tag-bienestar-consciente","tag-cerrar-ciclos","tag-ciclos-de-la-vida","tag-cosmovisiones-ancestrales","tag-cumplir-anos","tag-desire-circle","tag-experiencias-transformadoras","tag-invierno-interior","tag-mirar-las-estrellas","tag-nuevo-ciclo","tag-observatorio-mamalluca","tag-regreso-de-la-luz","tag-renacer","tag-solsticio-de-invierno","tag-transformacion-personal","tag-valle-del-elqui","tag-volver-a-comenzar","tag-vuelta-al-sol","tag-we-tripantu"],"blocksy_meta":{"styles_descriptor":{"styles":{"desktop":"","tablet":"","mobile":""},"google_fonts":[],"version":7}},"yoast_head":"<!-- This site is optimized with the Yoast SEO plugin v28.3 - https:\/\/yoast.com\/product\/yoast-seo-wordpress\/ -->\n<title>Los ciclos de la vida: cumplir a\u00f1os, cerrar etapas y volver a comenzar -<\/title>\n<meta name=\"description\" content=\"Cumplir a\u00f1os, el We Tripantu y el invierno nos recuerdan que la vida ocurre en ciclos: cerrar, agradecer y volver a comenzar.\" \/>\n<meta name=\"robots\" content=\"index, follow, max-snippet:-1, max-image-preview:large, max-video-preview:-1\" \/>\n<link rel=\"canonical\" href=\"https:\/\/sinfullymag.com\/en_us\/ciclos-de-la-vida-cumplir-anos-we-tripantu\/\" \/>\n<meta property=\"og:locale\" content=\"en_US\" \/>\n<meta property=\"og:type\" content=\"article\" \/>\n<meta property=\"og:title\" content=\"Los ciclos de la vida: cumplir a\u00f1os, cerrar etapas y volver a comenzar -\" \/>\n<meta property=\"og:description\" content=\"Cumplir a\u00f1os, el We Tripantu y el invierno nos recuerdan que la vida ocurre en ciclos: cerrar, agradecer y volver a comenzar.\" \/>\n<meta property=\"og:url\" content=\"https:\/\/sinfullymag.com\/en_us\/ciclos-de-la-vida-cumplir-anos-we-tripantu\/\" \/>\n<meta property=\"article:publisher\" content=\"https:\/\/web.facebook.com\/sinfulsocietycl\" \/>\n<meta property=\"article:published_time\" content=\"2026-06-12T11:24:57+00:00\" \/>\n<meta property=\"article:modified_time\" content=\"2026-06-13T23:52:20+00:00\" \/>\n<meta property=\"og:image\" content=\"https:\/\/sinfullymag.com\/wp-content\/uploads\/Ciclos-Img-Dest.jpg\" \/>\n\t<meta property=\"og:image:width\" content=\"1254\" \/>\n\t<meta property=\"og:image:height\" content=\"1254\" \/>\n\t<meta property=\"og:image:type\" content=\"image\/jpeg\" \/>\n<meta name=\"author\" content=\"Diego\" \/>\n<meta name=\"twitter:card\" content=\"summary_large_image\" \/>\n<meta name=\"twitter:creator\" content=\"@SocietySinful\" \/>\n<meta name=\"twitter:site\" content=\"@SocietySinful\" \/>\n<meta name=\"twitter:label1\" content=\"Written by\" \/>\n\t<meta name=\"twitter:data1\" content=\"Diego\" \/>\n\t<meta name=\"twitter:label2\" content=\"Est. reading time\" \/>\n\t<meta name=\"twitter:data2\" content=\"15 minutes\" \/>\n<script type=\"application\/ld+json\" class=\"yoast-schema-graph\">{\"@context\":\"https:\\\/\\\/schema.org\",\"@graph\":[{\"@type\":\"Article\",\"@id\":\"https:\\\/\\\/sinfullymag.com\\\/ciclos-de-la-vida-cumplir-anos-we-tripantu\\\/#article\",\"isPartOf\":{\"@id\":\"https:\\\/\\\/sinfullymag.com\\\/ciclos-de-la-vida-cumplir-anos-we-tripantu\\\/\"},\"author\":{\"name\":\"Diego\",\"@id\":\"https:\\\/\\\/sinfullymag.com\\\/#\\\/schema\\\/person\\\/8dc8ae8f559903156b413567c01b7fd5\"},\"headline\":\"Los ciclos de la vida: cumplir a\u00f1os, cerrar etapas y volver a comenzar\",\"datePublished\":\"2026-06-12T11:24:57+00:00\",\"dateModified\":\"2026-06-13T23:52:20+00:00\",\"mainEntityOfPage\":{\"@id\":\"https:\\\/\\\/sinfullymag.com\\\/ciclos-de-la-vida-cumplir-anos-we-tripantu\\\/\"},\"wordCount\":3386,\"commentCount\":0,\"publisher\":{\"@id\":\"https:\\\/\\\/sinfullymag.com\\\/#organization\"},\"image\":{\"@id\":\"https:\\\/\\\/sinfullymag.com\\\/ciclos-de-la-vida-cumplir-anos-we-tripantu\\\/#primaryimage\"},\"thumbnailUrl\":\"https:\\\/\\\/sinfullymag.com\\\/wp-content\\\/uploads\\\/Ciclos-Img-Dest.jpg\",\"keywords\":[\"a\u00f1o nuevo mapuche\",\"bienestar consciente\",\"cerrar ciclos\",\"ciclos de la vida\",\"cosmovisiones ancestrales\",\"cumplir a\u00f1os\",\"Desire Circle\",\"experiencias transformadoras\",\"invierno interior\",\"mirar las estrellas\",\"nuevo ciclo\",\"Observatorio Mamalluca\",\"regreso de la luz\",\"renacer\",\"solsticio de invierno\",\"transformaci\u00f3n personal\",\"Valle del Elqui\",\"volver a comenzar\",\"vuelta al sol\",\"We Tripantu\"],\"articleSection\":[\"Actualidad\",\"Bienestar &amp; Cuerpo\"],\"inLanguage\":\"en-US\",\"potentialAction\":[{\"@type\":\"CommentAction\",\"name\":\"Comment\",\"target\":[\"https:\\\/\\\/sinfullymag.com\\\/ciclos-de-la-vida-cumplir-anos-we-tripantu\\\/#respond\"]}]},{\"@type\":\"WebPage\",\"@id\":\"https:\\\/\\\/sinfullymag.com\\\/ciclos-de-la-vida-cumplir-anos-we-tripantu\\\/\",\"url\":\"https:\\\/\\\/sinfullymag.com\\\/ciclos-de-la-vida-cumplir-anos-we-tripantu\\\/\",\"name\":\"Los ciclos de la vida: cumplir a\u00f1os, cerrar etapas y volver a comenzar -\",\"isPartOf\":{\"@id\":\"https:\\\/\\\/sinfullymag.com\\\/#website\"},\"primaryImageOfPage\":{\"@id\":\"https:\\\/\\\/sinfullymag.com\\\/ciclos-de-la-vida-cumplir-anos-we-tripantu\\\/#primaryimage\"},\"image\":{\"@id\":\"https:\\\/\\\/sinfullymag.com\\\/ciclos-de-la-vida-cumplir-anos-we-tripantu\\\/#primaryimage\"},\"thumbnailUrl\":\"https:\\\/\\\/sinfullymag.com\\\/wp-content\\\/uploads\\\/Ciclos-Img-Dest.jpg\",\"datePublished\":\"2026-06-12T11:24:57+00:00\",\"dateModified\":\"2026-06-13T23:52:20+00:00\",\"description\":\"Cumplir a\u00f1os, el We Tripantu y el invierno nos recuerdan que la vida ocurre en ciclos: cerrar, agradecer y volver a comenzar.\",\"breadcrumb\":{\"@id\":\"https:\\\/\\\/sinfullymag.com\\\/ciclos-de-la-vida-cumplir-anos-we-tripantu\\\/#breadcrumb\"},\"inLanguage\":\"en-US\",\"potentialAction\":[{\"@type\":\"ReadAction\",\"target\":[\"https:\\\/\\\/sinfullymag.com\\\/ciclos-de-la-vida-cumplir-anos-we-tripantu\\\/\"]}]},{\"@type\":\"ImageObject\",\"inLanguage\":\"en-US\",\"@id\":\"https:\\\/\\\/sinfullymag.com\\\/ciclos-de-la-vida-cumplir-anos-we-tripantu\\\/#primaryimage\",\"url\":\"https:\\\/\\\/sinfullymag.com\\\/wp-content\\\/uploads\\\/Ciclos-Img-Dest.jpg\",\"contentUrl\":\"https:\\\/\\\/sinfullymag.com\\\/wp-content\\\/uploads\\\/Ciclos-Img-Dest.jpg\",\"width\":1254,\"height\":1254,\"caption\":\"La V\u00eda L\u00e1ctea, el bosque de araucarias y la luz que comienza a aparecer en el horizonte evocan el regreso de la claridad despu\u00e9s de la noche m\u00e1s larga: una imagen para recordar que todo ciclo trae pausa, transformaci\u00f3n y nuevos comienzos.\"},{\"@type\":\"BreadcrumbList\",\"@id\":\"https:\\\/\\\/sinfullymag.com\\\/ciclos-de-la-vida-cumplir-anos-we-tripantu\\\/#breadcrumb\",\"itemListElement\":[{\"@type\":\"ListItem\",\"position\":1,\"name\":\"Inicio\",\"item\":\"https:\\\/\\\/sinfullymag.com\\\/\"},{\"@type\":\"ListItem\",\"position\":2,\"name\":\"Los ciclos de la vida: cumplir a\u00f1os, cerrar etapas y volver a comenzar\"}]},{\"@type\":\"WebSite\",\"@id\":\"https:\\\/\\\/sinfullymag.com\\\/#website\",\"url\":\"https:\\\/\\\/sinfullymag.com\\\/\",\"name\":\"\",\"description\":\"\",\"publisher\":{\"@id\":\"https:\\\/\\\/sinfullymag.com\\\/#organization\"},\"alternateName\":\"TSS\",\"potentialAction\":[{\"@type\":\"SearchAction\",\"target\":{\"@type\":\"EntryPoint\",\"urlTemplate\":\"https:\\\/\\\/sinfullymag.com\\\/?s={search_term_string}\"},\"query-input\":{\"@type\":\"PropertyValueSpecification\",\"valueRequired\":true,\"valueName\":\"search_term_string\"}}],\"inLanguage\":\"en-US\"},{\"@type\":\"Organization\",\"@id\":\"https:\\\/\\\/sinfullymag.com\\\/#organization\",\"name\":\"The Sinful Society SpA\",\"alternateName\":\"The Sinful Society\",\"url\":\"https:\\\/\\\/sinfullymag.com\\\/\",\"logo\":{\"@type\":\"ImageObject\",\"inLanguage\":\"en-US\",\"@id\":\"https:\\\/\\\/sinfullymag.com\\\/#\\\/schema\\\/logo\\\/image\\\/\",\"url\":\"https:\\\/\\\/sinfullymag.com\\\/wp-content\\\/uploads\\\/Logo-HD-TSS-con-Letras--e1696201980518.png\",\"contentUrl\":\"https:\\\/\\\/sinfullymag.com\\\/wp-content\\\/uploads\\\/Logo-HD-TSS-con-Letras--e1696201980518.png\",\"width\":72,\"height\":72,\"caption\":\"The Sinful Society SpA\"},\"image\":{\"@id\":\"https:\\\/\\\/sinfullymag.com\\\/#\\\/schema\\\/logo\\\/image\\\/\"},\"sameAs\":[\"https:\\\/\\\/web.facebook.com\\\/sinfulsocietycl\",\"https:\\\/\\\/x.com\\\/SocietySinful\",\"https:\\\/\\\/www.youtube.com\\\/channel\\\/UC5p6At3_PDuzuT5jHxqH-Rg\"]},{\"@type\":\"Person\",\"@id\":\"https:\\\/\\\/sinfullymag.com\\\/#\\\/schema\\\/person\\\/8dc8ae8f559903156b413567c01b7fd5\",\"name\":\"Diego\",\"image\":{\"@type\":\"ImageObject\",\"inLanguage\":\"en-US\",\"@id\":\"https:\\\/\\\/secure.gravatar.com\\\/avatar\\\/f969525a6efba66c654fc71749bff821c685a37c28441c23dde431e0ae2f83c1?s=96&d=mm&r=r\",\"url\":\"https:\\\/\\\/secure.gravatar.com\\\/avatar\\\/f969525a6efba66c654fc71749bff821c685a37c28441c23dde431e0ae2f83c1?s=96&d=mm&r=r\",\"contentUrl\":\"https:\\\/\\\/secure.gravatar.com\\\/avatar\\\/f969525a6efba66c654fc71749bff821c685a37c28441c23dde431e0ae2f83c1?s=96&d=mm&r=r\",\"caption\":\"Diego\"},\"sameAs\":[\"https:\\\/\\\/sinfullymag.com\"],\"url\":\"https:\\\/\\\/sinfullymag.com\\\/en_us\\\/mi-perfil\\\/?uid=1\"}]}<\/script>\n<!-- \/ Yoast SEO plugin. -->","yoast_head_json":{"title":"Los ciclos de la vida: cumplir a\u00f1os, cerrar etapas y volver a comenzar -","description":"Cumplir a\u00f1os, el We Tripantu y el invierno nos recuerdan que la vida ocurre en ciclos: cerrar, agradecer y volver a comenzar.","robots":{"index":"index","follow":"follow","max-snippet":"max-snippet:-1","max-image-preview":"max-image-preview:large","max-video-preview":"max-video-preview:-1"},"canonical":"https:\/\/sinfullymag.com\/en_us\/ciclos-de-la-vida-cumplir-anos-we-tripantu\/","og_locale":"en_US","og_type":"article","og_title":"Los ciclos de la vida: cumplir a\u00f1os, cerrar etapas y volver a comenzar -","og_description":"Cumplir a\u00f1os, el We Tripantu y el invierno nos recuerdan que la vida ocurre en ciclos: cerrar, agradecer y volver a comenzar.","og_url":"https:\/\/sinfullymag.com\/en_us\/ciclos-de-la-vida-cumplir-anos-we-tripantu\/","article_publisher":"https:\/\/web.facebook.com\/sinfulsocietycl","article_published_time":"2026-06-12T11:24:57+00:00","article_modified_time":"2026-06-13T23:52:20+00:00","og_image":[{"width":1254,"height":1254,"url":"https:\/\/sinfullymag.com\/wp-content\/uploads\/Ciclos-Img-Dest.jpg","type":"image\/jpeg"}],"author":"Diego","twitter_card":"summary_large_image","twitter_creator":"@SocietySinful","twitter_site":"@SocietySinful","twitter_misc":{"Written by":"Diego","Est. reading time":"15 minutes"},"schema":{"@context":"https:\/\/schema.org","@graph":[{"@type":"Article","@id":"https:\/\/sinfullymag.com\/ciclos-de-la-vida-cumplir-anos-we-tripantu\/#article","isPartOf":{"@id":"https:\/\/sinfullymag.com\/ciclos-de-la-vida-cumplir-anos-we-tripantu\/"},"author":{"name":"Diego","@id":"https:\/\/sinfullymag.com\/#\/schema\/person\/8dc8ae8f559903156b413567c01b7fd5"},"headline":"Los ciclos de la vida: cumplir a\u00f1os, cerrar etapas y volver a comenzar","datePublished":"2026-06-12T11:24:57+00:00","dateModified":"2026-06-13T23:52:20+00:00","mainEntityOfPage":{"@id":"https:\/\/sinfullymag.com\/ciclos-de-la-vida-cumplir-anos-we-tripantu\/"},"wordCount":3386,"commentCount":0,"publisher":{"@id":"https:\/\/sinfullymag.com\/#organization"},"image":{"@id":"https:\/\/sinfullymag.com\/ciclos-de-la-vida-cumplir-anos-we-tripantu\/#primaryimage"},"thumbnailUrl":"https:\/\/sinfullymag.com\/wp-content\/uploads\/Ciclos-Img-Dest.jpg","keywords":["a\u00f1o nuevo mapuche","bienestar consciente","cerrar ciclos","ciclos de la vida","cosmovisiones ancestrales","cumplir a\u00f1os","Desire Circle","experiencias transformadoras","invierno interior","mirar las estrellas","nuevo ciclo","Observatorio Mamalluca","regreso de la luz","renacer","solsticio de invierno","transformaci\u00f3n personal","Valle del Elqui","volver a comenzar","vuelta al sol","We Tripantu"],"articleSection":["Actualidad","Bienestar &amp; Cuerpo"],"inLanguage":"en-US","potentialAction":[{"@type":"CommentAction","name":"Comment","target":["https:\/\/sinfullymag.com\/ciclos-de-la-vida-cumplir-anos-we-tripantu\/#respond"]}]},{"@type":"WebPage","@id":"https:\/\/sinfullymag.com\/ciclos-de-la-vida-cumplir-anos-we-tripantu\/","url":"https:\/\/sinfullymag.com\/ciclos-de-la-vida-cumplir-anos-we-tripantu\/","name":"Los ciclos de la vida: cumplir a\u00f1os, cerrar etapas y volver a comenzar -","isPartOf":{"@id":"https:\/\/sinfullymag.com\/#website"},"primaryImageOfPage":{"@id":"https:\/\/sinfullymag.com\/ciclos-de-la-vida-cumplir-anos-we-tripantu\/#primaryimage"},"image":{"@id":"https:\/\/sinfullymag.com\/ciclos-de-la-vida-cumplir-anos-we-tripantu\/#primaryimage"},"thumbnailUrl":"https:\/\/sinfullymag.com\/wp-content\/uploads\/Ciclos-Img-Dest.jpg","datePublished":"2026-06-12T11:24:57+00:00","dateModified":"2026-06-13T23:52:20+00:00","description":"Cumplir a\u00f1os, el We Tripantu y el invierno nos recuerdan que la vida ocurre en ciclos: cerrar, agradecer y volver a comenzar.","breadcrumb":{"@id":"https:\/\/sinfullymag.com\/ciclos-de-la-vida-cumplir-anos-we-tripantu\/#breadcrumb"},"inLanguage":"en-US","potentialAction":[{"@type":"ReadAction","target":["https:\/\/sinfullymag.com\/ciclos-de-la-vida-cumplir-anos-we-tripantu\/"]}]},{"@type":"ImageObject","inLanguage":"en-US","@id":"https:\/\/sinfullymag.com\/ciclos-de-la-vida-cumplir-anos-we-tripantu\/#primaryimage","url":"https:\/\/sinfullymag.com\/wp-content\/uploads\/Ciclos-Img-Dest.jpg","contentUrl":"https:\/\/sinfullymag.com\/wp-content\/uploads\/Ciclos-Img-Dest.jpg","width":1254,"height":1254,"caption":"La V\u00eda L\u00e1ctea, el bosque de araucarias y la luz que comienza a aparecer en el horizonte evocan el regreso de la claridad despu\u00e9s de la noche m\u00e1s larga: una imagen para recordar que todo ciclo trae pausa, transformaci\u00f3n y nuevos comienzos."},{"@type":"BreadcrumbList","@id":"https:\/\/sinfullymag.com\/ciclos-de-la-vida-cumplir-anos-we-tripantu\/#breadcrumb","itemListElement":[{"@type":"ListItem","position":1,"name":"Inicio","item":"https:\/\/sinfullymag.com\/"},{"@type":"ListItem","position":2,"name":"Los ciclos de la vida: cumplir a\u00f1os, cerrar etapas y volver a comenzar"}]},{"@type":"WebSite","@id":"https:\/\/sinfullymag.com\/#website","url":"https:\/\/sinfullymag.com\/","name":"","description":"","publisher":{"@id":"https:\/\/sinfullymag.com\/#organization"},"alternateName":"TSS","potentialAction":[{"@type":"SearchAction","target":{"@type":"EntryPoint","urlTemplate":"https:\/\/sinfullymag.com\/?s={search_term_string}"},"query-input":{"@type":"PropertyValueSpecification","valueRequired":true,"valueName":"search_term_string"}}],"inLanguage":"en-US"},{"@type":"Organization","@id":"https:\/\/sinfullymag.com\/#organization","name":"The Sinful Society SpA","alternateName":"The Sinful Society","url":"https:\/\/sinfullymag.com\/","logo":{"@type":"ImageObject","inLanguage":"en-US","@id":"https:\/\/sinfullymag.com\/#\/schema\/logo\/image\/","url":"https:\/\/sinfullymag.com\/wp-content\/uploads\/Logo-HD-TSS-con-Letras--e1696201980518.png","contentUrl":"https:\/\/sinfullymag.com\/wp-content\/uploads\/Logo-HD-TSS-con-Letras--e1696201980518.png","width":72,"height":72,"caption":"The Sinful Society SpA"},"image":{"@id":"https:\/\/sinfullymag.com\/#\/schema\/logo\/image\/"},"sameAs":["https:\/\/web.facebook.com\/sinfulsocietycl","https:\/\/x.com\/SocietySinful","https:\/\/www.youtube.com\/channel\/UC5p6At3_PDuzuT5jHxqH-Rg"]},{"@type":"Person","@id":"https:\/\/sinfullymag.com\/#\/schema\/person\/8dc8ae8f559903156b413567c01b7fd5","name":"Diego","image":{"@type":"ImageObject","inLanguage":"en-US","@id":"https:\/\/secure.gravatar.com\/avatar\/f969525a6efba66c654fc71749bff821c685a37c28441c23dde431e0ae2f83c1?s=96&d=mm&r=r","url":"https:\/\/secure.gravatar.com\/avatar\/f969525a6efba66c654fc71749bff821c685a37c28441c23dde431e0ae2f83c1?s=96&d=mm&r=r","contentUrl":"https:\/\/secure.gravatar.com\/avatar\/f969525a6efba66c654fc71749bff821c685a37c28441c23dde431e0ae2f83c1?s=96&d=mm&r=r","caption":"Diego"},"sameAs":["https:\/\/sinfullymag.com"],"url":"https:\/\/sinfullymag.com\/en_us\/mi-perfil\/?uid=1"}]}},"_links":{"self":[{"href":"https:\/\/sinfullymag.com\/en_us\/wp-json\/wp\/v2\/posts\/4157","targetHints":{"allow":["GET"]}}],"collection":[{"href":"https:\/\/sinfullymag.com\/en_us\/wp-json\/wp\/v2\/posts"}],"about":[{"href":"https:\/\/sinfullymag.com\/en_us\/wp-json\/wp\/v2\/types\/post"}],"author":[{"embeddable":true,"href":"https:\/\/sinfullymag.com\/en_us\/wp-json\/wp\/v2\/users\/1"}],"replies":[{"embeddable":true,"href":"https:\/\/sinfullymag.com\/en_us\/wp-json\/wp\/v2\/comments?post=4157"}],"version-history":[{"count":11,"href":"https:\/\/sinfullymag.com\/en_us\/wp-json\/wp\/v2\/posts\/4157\/revisions"}],"predecessor-version":[{"id":4183,"href":"https:\/\/sinfullymag.com\/en_us\/wp-json\/wp\/v2\/posts\/4157\/revisions\/4183"}],"wp:featuredmedia":[{"embeddable":true,"href":"https:\/\/sinfullymag.com\/en_us\/wp-json\/wp\/v2\/media\/4180"}],"wp:attachment":[{"href":"https:\/\/sinfullymag.com\/en_us\/wp-json\/wp\/v2\/media?parent=4157"}],"wp:term":[{"taxonomy":"category","embeddable":true,"href":"https:\/\/sinfullymag.com\/en_us\/wp-json\/wp\/v2\/categories?post=4157"},{"taxonomy":"post_tag","embeddable":true,"href":"https:\/\/sinfullymag.com\/en_us\/wp-json\/wp\/v2\/tags?post=4157"}],"curies":[{"name":"wp","href":"https:\/\/api.w.org\/{rel}","templated":true}]}}