{"id":3628,"date":"2026-04-15T15:18:48","date_gmt":"2026-04-15T19:18:48","guid":{"rendered":"https:\/\/sinfullymag.com\/?p=3628"},"modified":"2026-05-18T07:56:00","modified_gmt":"2026-05-18T11:56:00","slug":"daniel-villagra-pedalea-libre-mundial-downhill-master","status":"publish","type":"post","link":"https:\/\/sinfullymag.com\/en_us\/daniel-villagra-pedalea-libre-mundial-downhill-master\/","title":{"rendered":"Daniel Villagra: From the National Championship to the Downhill Master World Championship, Chile's mountain biking pride"},"content":{"rendered":"<p class=\"wp-block-paragraph\">El downhill chileno tiene un nombre que hoy resuena con m\u00e1s fuerza dentro y fuera del pa\u00eds: Daniel Villagra. Profesor, rider, fundador de Pedalea Libre y referente del mountain bike, Daniel dio un paso gigantesco en su trayectoria al competir en el Campeonato Mundial M\u00e1ster de downhill, enfrent\u00e1ndose a algunos de los mejores corredores del planeta.<\/p>\n\n\n\n<p class=\"wp-block-paragraph\">Su historia no solo inspira por el resultado, sino tambi\u00e9n por lo que representa: disciplina, evoluci\u00f3n, pasi\u00f3n por el descenso y una vida completamente conectada al ciclismo de monta\u00f1a. Porque Daniel no solo fund\u00f3 Pedalea Libre, sino que adem\u00e1s es quien gu\u00eda los tours y da clases, transmitiendo en terreno toda su experiencia a quienes quieren iniciarse o perfeccionarse en el downhill y el mountain bike.<\/p>\n\n\n\n<h2 class=\"wp-block-heading\">Del campeonato al Mundial: un salto enorme en el downhill m\u00e1ster<\/h2>\n\n\n\n<p class=\"wp-block-paragraph\">Competir a nivel mundial ya es un logro en s\u00ed mismo. Pero hacerlo en una categor\u00eda exigente, con gran cantidad de participantes y en el primer a\u00f1o dentro de esa divisi\u00f3n, eleva a\u00fan m\u00e1s el m\u00e9rito.<\/p>\n\n\n\n<p class=\"wp-block-paragraph\">Daniel Villagra compiti\u00f3 en la categor\u00eda Master A, una categor\u00eda altamente competitiva dentro del downhill m\u00e1ster. En ella participaron 85 corredores, mientras que el total general en descenso reuni\u00f3 a cerca de 400 competidores.<\/p>\n\n\n\n<h3 class=\"wp-block-heading\">Un debut mundialista frente a los mejores del mundo<\/h3>\n\n\n\n<p class=\"wp-block-paragraph\">En su primera experiencia en un Mundial, Daniel clasific\u00f3 en el puesto 41 y luego mejor\u00f3 en la final, terminando en el lugar 38. No solo logr\u00f3 avanzar posiciones, sino que adem\u00e1s baj\u00f3 un segundo su tiempo respecto de la clasificaci\u00f3n.<\/p>\n\n\n\n<p class=\"wp-block-paragraph\">Ese detalle dice mucho. En una disciplina como el downhill, donde cada segundo cuenta y donde cualquier error puede marcar la diferencia, mejorar en la final frente a un nivel de competencia mundial confirma que Daniel estuvo a la altura del desaf\u00edo.<\/p>\n\n\n\n<div class=\"wp-block-group coblocks-animate is-layout-constrained wp-block-group-is-layout-constrained\" data-coblocks-animation=\"zoomIn\">\n<p class=\"wp-block-paragraph\">\u201c\u00bfTe gustar\u00eda aprender o salir a rodar con la gu\u00eda de un rider que compiti\u00f3 a nivel mundial?<br>Recibe informaci\u00f3n sobre clases, tours y pr\u00f3ximas experiencias de Pedalea Libre.\u201d<\/p>\n\n\n\n<div class=\"wp-block-columns is-layout-flex wp-container-core-columns-is-layout-995f960e wp-block-columns-is-layout-flex\">\n<div class=\"wp-block-column is-layout-flow wp-block-column-is-layout-flow\">\n<div class=\"wp-block-buttons is-content-justification-center is-layout-flex wp-container-core-buttons-is-layout-fe0a7de2 wp-block-buttons-is-layout-flex\">\n<div class=\"wp-block-button\"><a class=\"wp-block-button__link wp-element-button\" href=\"https:\/\/pedalealibre.cl\" target=\"_blank\" rel=\"noreferrer noopener\">Quiero m\u00e1s informaci\u00f3n<\/a><\/div>\n<\/div>\n<\/div>\n\n\n\n<div class=\"wp-block-column is-layout-flow wp-block-column-is-layout-flow\">\n<div class=\"wp-block-buttons is-content-justification-center is-layout-flex wp-container-core-buttons-is-layout-fe0a7de2 wp-block-buttons-is-layout-flex\">\n<div class=\"wp-block-button\"><a class=\"wp-block-button__link wp-element-button\" href=\"https:\/\/wa.me\/56944388934\" target=\"_blank\" rel=\"noreferrer noopener\">Hablar por WhatsApp<\/a><\/div>\n<\/div>\n<\/div>\n<\/div>\n<\/div>\n\n\n\n<h2 class=\"wp-block-heading\">Competir con \u00eddolos: la dimensi\u00f3n real del logro<\/h2>\n\n\n\n<p class=\"wp-block-paragraph\">Uno de los aspectos m\u00e1s potentes de esta experiencia fue el contexto en el que Daniel compiti\u00f3. No se trat\u00f3 solo de correr una carrera internacional, sino de medirse con referentes e \u00eddolos del downhill mundial.<\/p>\n\n\n\n<p class=\"wp-block-paragraph\">Entre los nombres presentes estuvo Marcelo Guti\u00e9rrez, figura ampliamente reconocida dentro del mountain bike latinoamericano y mundial. Estar en esa l\u00ednea de partida, compartir pista y competir contra riders de ese nivel convierte esta participaci\u00f3n en un hito deportivo de gran valor.<\/p>\n\n\n\n<h3 class=\"wp-block-heading\">Qu\u00e9 significa quedar 38 del mundo en Master A<\/h3>\n\n\n\n<p class=\"wp-block-paragraph\">A simple vista, un puesto puede parecer solo una cifra. Pero cuando se entiende la magnitud del evento, la lectura cambia por completo.<\/p>\n\n\n\n<p class=\"wp-block-paragraph\">Quedar 38 del mundo en una categor\u00eda con 85 participantes, en el primer a\u00f1o compitiendo en Master A y mejorando el tiempo en la final, habla de un rider s\u00f3lido, competitivo y preparado para seguir creciendo. Es un resultado que posiciona a Daniel Villagra como un nombre a seguir dentro del downhill chileno y del mountain bike m\u00e1ster internacional.<\/p>\n\n\n\n<p class=\"wp-block-paragraph\">\u201c\u00bfTe gustar\u00eda aprender o salir a rodar con la gu\u00eda de un rider que compiti\u00f3 a nivel mundial?<br>Recibe informaci\u00f3n sobre clases, tours y pr\u00f3ximas experiencias de Pedalea Libre.\u201d<\/p>\n\n\n\n<div class=\"wp-block-columns is-layout-flex wp-container-core-columns-is-layout-995f960e wp-block-columns-is-layout-flex\">\n<div class=\"wp-block-column is-layout-flow wp-block-column-is-layout-flow\">\n<div class=\"wp-block-buttons is-content-justification-center is-layout-flex wp-container-core-buttons-is-layout-fe0a7de2 wp-block-buttons-is-layout-flex\">\n<div class=\"wp-block-button\"><a class=\"wp-block-button__link wp-element-button\" href=\"https:\/\/pedalealibre.cl\" target=\"_blank\" rel=\"noreferrer noopener\">Quiero m\u00e1s informaci\u00f3n<\/a><\/div>\n<\/div>\n<\/div>\n\n\n\n<div class=\"wp-block-column is-layout-flow wp-block-column-is-layout-flow\">\n<div class=\"wp-block-buttons is-content-justification-center is-layout-flex wp-container-core-buttons-is-layout-fe0a7de2 wp-block-buttons-is-layout-flex\">\n<div class=\"wp-block-button\"><a class=\"wp-block-button__link wp-element-button\" href=\"https:\/\/wa.me\/56944388934\" target=\"_blank\" rel=\"noreferrer noopener\">Hablar por WhatsApp<\/a><\/div>\n<\/div>\n<\/div>\n<\/div>\n\n\n\n<h2 class=\"wp-block-heading\">Daniel Villagra y Pedalea Libre: mucho m\u00e1s que competir<\/h2>\n\n\n\n<p class=\"wp-block-paragraph\">La historia de Daniel no termina en la competencia. De hecho, ah\u00ed comienza otra parte igual de importante: su rol como formador y gu\u00eda.<\/p>\n\n\n\n<p class=\"wp-block-paragraph\">Daniel no solo es el fundador de Pedalea Libre. Tambi\u00e9n es quien lidera personalmente los tours y da clases, acompa\u00f1ando a personas que quieren vivir el mountain bike desde adentro, con aprendizaje real, t\u00e9cnica y experiencia en terreno.<\/p>\n\n\n\n<p class=\"wp-block-paragraph\">Ese punto marca una diferencia enorme. Quienes se acercan a Pedalea Libre no solo encuentran una marca o un proyecto de ciclismo, sino a un rider que compite a nivel de elite m\u00e1ster y que adem\u00e1s comparte directamente sus conocimientos con alumnos y participantes de tours.<\/p>\n\n\n\n<div aria-label=\"Collage Gallery\" class=\"wp-block-coblocks-gallery-collage alignwide is-style-tiled has-lightbox has-small-gutter\"><ul><li class=\"wp-block-coblocks-gallery-collage__item item-1\"><figure class=\"wp-block-coblocks-gallery-collage__figure\"><img decoding=\"async\" width=\"1024\" height=\"682\" alt=\"Gallery Image\" class=\"wp-image-3649\" data-id=\"3649\" data-imglink=\"\" data-index=\"0\" data-link=\"https:\/\/sinfullymag.com\/daniel-villagra-pedalea-libre-mundial-downhill-master\/img_0573\/\" src=\"https:\/\/sinfullymag.com\/wp-content\/uploads\/IMG_0573-1024x682.jpeg\" srcset=\"https:\/\/sinfullymag.com\/wp-content\/uploads\/IMG_0573-1024x682.jpeg 1024w, https:\/\/sinfullymag.com\/wp-content\/uploads\/IMG_0573-300x200.jpeg 300w, https:\/\/sinfullymag.com\/wp-content\/uploads\/IMG_0573-768x511.jpeg 768w, https:\/\/sinfullymag.com\/wp-content\/uploads\/IMG_0573-1536x1022.jpeg 1536w, https:\/\/sinfullymag.com\/wp-content\/uploads\/IMG_0573-18x12.jpeg 18w, https:\/\/sinfullymag.com\/wp-content\/uploads\/IMG_0573-600x399.jpeg 600w, https:\/\/sinfullymag.com\/wp-content\/uploads\/IMG_0573.jpeg 1600w\" sizes=\"(max-width: 1024px) 100vw, 1024px\" \/><\/figure><\/li><li class=\"wp-block-coblocks-gallery-collage__item item-2\"><figure class=\"wp-block-coblocks-gallery-collage__figure\"><img decoding=\"async\" width=\"768\" height=\"1024\" alt=\"Gallery Image\" class=\"wp-image-3653\" data-id=\"3653\" data-imglink=\"\" data-index=\"1\" data-link=\"https:\/\/sinfullymag.com\/daniel-villagra-pedalea-libre-mundial-downhill-master\/img_0079\/\" src=\"https:\/\/sinfullymag.com\/wp-content\/uploads\/IMG_0079-768x1024.jpg\" srcset=\"https:\/\/sinfullymag.com\/wp-content\/uploads\/IMG_0079-768x1024.jpg 768w, https:\/\/sinfullymag.com\/wp-content\/uploads\/IMG_0079-225x300.jpg 225w, https:\/\/sinfullymag.com\/wp-content\/uploads\/IMG_0079-1152x1536.jpg 1152w, https:\/\/sinfullymag.com\/wp-content\/uploads\/IMG_0079-1536x2048.jpg 1536w, https:\/\/sinfullymag.com\/wp-content\/uploads\/IMG_0079-9x12.jpg 9w, https:\/\/sinfullymag.com\/wp-content\/uploads\/IMG_0079-600x800.jpg 600w, https:\/\/sinfullymag.com\/wp-content\/uploads\/IMG_0079-scaled.jpg 1920w\" sizes=\"(max-width: 768px) 100vw, 768px\" \/><\/figure><\/li><li class=\"wp-block-coblocks-gallery-collage__item item-3\"><figure class=\"wp-block-coblocks-gallery-collage__figure\"><img decoding=\"async\" width=\"745\" height=\"1024\" alt=\"Gallery Image\" class=\"wp-image-3652\" data-id=\"3652\" data-imglink=\"\" data-index=\"2\" data-link=\"https:\/\/sinfullymag.com\/daniel-villagra-pedalea-libre-mundial-downhill-master\/dani-al-mundial-2\/\" src=\"https:\/\/sinfullymag.com\/wp-content\/uploads\/Dani-al-mundial-1-745x1024.jpg\" srcset=\"https:\/\/sinfullymag.com\/wp-content\/uploads\/Dani-al-mundial-1-745x1024.jpg 745w, https:\/\/sinfullymag.com\/wp-content\/uploads\/Dani-al-mundial-1-218x300.jpg 218w, https:\/\/sinfullymag.com\/wp-content\/uploads\/Dani-al-mundial-1-768x1056.jpg 768w, https:\/\/sinfullymag.com\/wp-content\/uploads\/Dani-al-mundial-1-1117x1536.jpg 1117w, https:\/\/sinfullymag.com\/wp-content\/uploads\/Dani-al-mundial-1-9x12.jpg 9w, https:\/\/sinfullymag.com\/wp-content\/uploads\/Dani-al-mundial-1-600x825.jpg 600w, https:\/\/sinfullymag.com\/wp-content\/uploads\/Dani-al-mundial-1.jpg 1157w\" sizes=\"(max-width: 745px) 100vw, 745px\" \/><\/figure><\/li><li class=\"wp-block-coblocks-gallery-collage__item item-4\"><figure class=\"wp-block-coblocks-gallery-collage__figure\"><img decoding=\"async\" width=\"1024\" height=\"768\" alt=\"Gallery Image\" class=\"wp-image-3651\" data-id=\"3651\" data-imglink=\"\" data-index=\"3\" data-link=\"https:\/\/sinfullymag.com\/daniel-villagra-pedalea-libre-mundial-downhill-master\/mtb-clases\/\" src=\"https:\/\/sinfullymag.com\/wp-content\/uploads\/Mtb-Clases-1024x768.jpeg\" srcset=\"https:\/\/sinfullymag.com\/wp-content\/uploads\/Mtb-Clases-1024x768.jpeg 1024w, https:\/\/sinfullymag.com\/wp-content\/uploads\/Mtb-Clases-300x225.jpeg 300w, https:\/\/sinfullymag.com\/wp-content\/uploads\/Mtb-Clases-768x576.jpeg 768w, https:\/\/sinfullymag.com\/wp-content\/uploads\/Mtb-Clases-16x12.jpeg 16w, https:\/\/sinfullymag.com\/wp-content\/uploads\/Mtb-Clases-600x450.jpeg 600w, https:\/\/sinfullymag.com\/wp-content\/uploads\/Mtb-Clases.jpeg 1280w\" sizes=\"(max-width: 1024px) 100vw, 1024px\" \/><\/figure><\/li><\/ul><\/div>\n\n\n\n<h3 class=\"wp-block-heading\">Clases y tours con experiencia real en downhill y mountain bike<\/h3>\n\n\n\n<p class=\"wp-block-paragraph\">En el mundo del ciclismo de monta\u00f1a, no es menor aprender con alguien que ha llevado su nivel hasta un Campeonato Mundial. Esa experiencia se traduce en visi\u00f3n de carrera, t\u00e9cnica, lectura de terreno, seguridad y estrategia.<\/p>\n\n\n\n<p class=\"wp-block-paragraph\">Por eso, el trabajo que Daniel realiza en Pedalea Libre tiene un valor especial: cada clase y cada tour est\u00e1n respaldados por experiencia real de competencia, pasi\u00f3n por el deporte y un conocimiento profundo del downhill y el mountain bike.<\/p>\n\n\n\n<p class=\"wp-block-paragraph\">Si quieres aprender t\u00e9cnica, lectura de terreno y seguridad junto a Daniel Villagra, <a href=\"https:\/\/sinfullymag.com\/en_us\/aprende-en-pedalea-libre\/\">deja tus datos aqu\u00ed.<\/a><\/p>\n\n\n\n<h2 class=\"wp-block-heading\">Un referente chileno para la comunidad del descenso<\/h2>\n\n\n\n<p class=\"wp-block-paragraph\">El logro de Daniel Villagra tambi\u00e9n es importante para la escena chilena. Su participaci\u00f3n en un Mundial M\u00e1ster demuestra que desde Chile se puede competir al m\u00e1s alto nivel, y que el desarrollo deportivo, t\u00e9cnico y humano en disciplinas como el downhill sigue creciendo.<\/p>\n\n\n\n<p class=\"wp-block-paragraph\">Su camino inspira a nuevos riders, a alumnos, a amantes del descenso y a toda la comunidad del mountain bike que ve en historias como esta una se\u00f1al clara de que la constancia s\u00ed abre puertas.<\/p>\n\n\n\n<h3 class=\"wp-block-heading\">Del aprendizaje a la inspiraci\u00f3n<\/h3>\n\n\n\n<p class=\"wp-block-paragraph\">Hay deportistas que compiten y hay deportistas que, adem\u00e1s, construyen comunidad. Daniel pertenece a ese segundo grupo. Mientras sigue elevando su nivel en carrera, tambi\u00e9n aporta al crecimiento del deporte formando personas, guiando experiencias y acercando el mountain bike a m\u00e1s gente.<\/p>\n\n\n\n<p class=\"wp-block-paragraph\">Ese cruce entre alto rendimiento, ense\u00f1anza y liderazgo es precisamente lo que vuelve tan potente su historia.<\/p>\n\n\n\n<blockquote class=\"wp-block-quote is-layout-flow wp-block-quote-is-layout-flow\">\n<p class=\"wp-block-paragraph\">Revisa el <a href=\"https:\/\/sinfullymag.com\/en_us\/check-list-antes-de-cada-carrera\/\" target=\"_blank\" rel=\"noreferrer noopener\">check list<\/a> que usa Daniel antes de cada carrera<\/p>\n<\/blockquote>\n\n\n\n<h2 class=\"wp-block-heading\">Daniel Villagra: un nombre que seguir\u00e1 dando que hablar en el downhill<\/h2>\n\n\n\n<p class=\"wp-block-paragraph\">Pasar del campeonato al Mundial no es casualidad. Es el resultado de a\u00f1os de trabajo, preparaci\u00f3n y amor por el descenso. Y aunque este resultado ya es destacable por s\u00ed mismo, tambi\u00e9n deja abierta una proyecci\u00f3n muy prometedora para el futuro.<\/p>\n\n\n\n<p class=\"wp-block-paragraph\">Daniel Villagra hoy no solo representa un logro deportivo personal. Representa tambi\u00e9n una forma de vivir el mountain bike: con compromiso, con t\u00e9cnica, con pasi\u00f3n y con la capacidad de inspirar a otros desde la experiencia real.<\/p>\n\n\n\n<p class=\"wp-block-paragraph\">Para quienes siguen el downhill, para quienes buscan clases o tours de mountain bike, y para quienes valoran a los referentes aut\u00e9nticos del deporte, su nombre ya merece atenci\u00f3n.<\/p>","protected":false},"excerpt":{"rendered":"<p>El downhill chileno tiene un nombre que hoy resuena con m\u00e1s fuerza dentro y fuera del pa\u00eds: Daniel Villagra. Profesor, rider, fundador de Pedalea Libre y referente del mountain bike, Daniel dio un paso gigantesco en su trayectoria al competir en el Campeonato Mundial M\u00e1ster de downhill, enfrent\u00e1ndose a algunos de los mejores corredores del [&hellip;]<\/p>\n","protected":false},"author":1,"featured_media":3630,"comment_status":"open","ping_status":"open","sticky":false,"template":"","format":"standard","meta":{"_coblocks_attr":"","_coblocks_dimensions":"","_coblocks_responsive_height":"","_coblocks_accordion_ie_support":"","footnotes":""},"categories":[1242],"tags":[1008,1006,1017,1012,1019,1001,1015,1018,1011,1003,1009,1004,1014,1005,1007,1002,1016,1020,1010,1013],"class_list":["post-3628","post","type-post","status-publish","format-standard","has-post-thumbnail","hentry","category-personas-conversaciones","tag-campeonato-mundial-master","tag-ciclismo-de-montana","tag-ciclismo-extremo","tag-clases-de-downhill","tag-comunidad-mountain-bike","tag-daniel-villagra","tag-daniel-villagra-mountain-bike","tag-deporte-outdoor","tag-descenso-en-bicicleta","tag-downhill","tag-downhill-chileno","tag-downhill-master","tag-master-a","tag-mountain-bike","tag-mundial-de-downhill-master","tag-pedalea-libre","tag-pedalea-libre-chile","tag-referente-del-downhill-chileno","tag-rider-chileno","tag-tours-de-mountain-bike"],"blocksy_meta":{"styles_descriptor":{"styles":{"desktop":"","tablet":"","mobile":""},"google_fonts":[],"version":7}},"yoast_head":"<!-- This site is optimized with the Yoast SEO plugin v28.3 - https:\/\/yoast.com\/product\/yoast-seo-wordpress\/ -->\n<title>Daniel Villagra: del Campeonato Nacional al Mundial de Downhill M\u00e1ster, el orgullo chileno del mountain bike -<\/title>\n<meta name=\"description\" content=\"Daniel Villagra, fundador de Pedalea Libre, llev\u00f3 su talento del campeonato al Mundial de downhill m\u00e1ster. Conoce su resultado, su historia y c\u00f3mo tambi\u00e9n gu\u00eda tours y da clases de mountain bike.\" \/>\n<meta name=\"robots\" content=\"index, follow, max-snippet:-1, max-image-preview:large, max-video-preview:-1\" \/>\n<link rel=\"canonical\" href=\"https:\/\/sinfullymag.com\/en_us\/daniel-villagra-pedalea-libre-mundial-downhill-master\/\" \/>\n<meta property=\"og:locale\" content=\"en_US\" \/>\n<meta property=\"og:type\" content=\"article\" \/>\n<meta property=\"og:title\" content=\"Daniel Villagra: del Campeonato Nacional al Mundial de Downhill M\u00e1ster, el orgullo chileno del mountain bike -\" \/>\n<meta property=\"og:description\" content=\"Daniel Villagra, fundador de Pedalea Libre, llev\u00f3 su talento del campeonato al Mundial de downhill m\u00e1ster. Conoce su resultado, su historia y c\u00f3mo tambi\u00e9n gu\u00eda tours y da clases de mountain bike.\" \/>\n<meta property=\"og:url\" content=\"https:\/\/sinfullymag.com\/en_us\/daniel-villagra-pedalea-libre-mundial-downhill-master\/\" \/>\n<meta property=\"article:publisher\" content=\"https:\/\/web.facebook.com\/sinfulsocietycl\" \/>\n<meta property=\"article:published_time\" content=\"2026-04-15T19:18:48+00:00\" \/>\n<meta property=\"article:modified_time\" content=\"2026-05-18T11:56:00+00:00\" \/>\n<meta property=\"og:image\" content=\"https:\/\/sinfullymag.com\/wp-content\/uploads\/Dani-al-mundial.jpg\" \/>\n\t<meta property=\"og:image:width\" content=\"1157\" \/>\n\t<meta property=\"og:image:height\" content=\"1591\" \/>\n\t<meta property=\"og:image:type\" content=\"image\/jpeg\" \/>\n<meta name=\"author\" content=\"Diego\" \/>\n<meta name=\"twitter:card\" content=\"summary_large_image\" \/>\n<meta name=\"twitter:creator\" content=\"@SocietySinful\" \/>\n<meta name=\"twitter:site\" content=\"@SocietySinful\" \/>\n<meta name=\"twitter:label1\" content=\"Written by\" \/>\n\t<meta name=\"twitter:data1\" content=\"Diego\" \/>\n\t<meta name=\"twitter:label2\" content=\"Est. reading time\" \/>\n\t<meta name=\"twitter:data2\" content=\"6 minutes\" \/>\n<script type=\"application\/ld+json\" class=\"yoast-schema-graph\">{\"@context\":\"https:\\\/\\\/schema.org\",\"@graph\":[{\"@type\":\"Article\",\"@id\":\"https:\\\/\\\/sinfullymag.com\\\/daniel-villagra-pedalea-libre-mundial-downhill-master\\\/#article\",\"isPartOf\":{\"@id\":\"https:\\\/\\\/sinfullymag.com\\\/daniel-villagra-pedalea-libre-mundial-downhill-master\\\/\"},\"author\":{\"name\":\"Diego\",\"@id\":\"https:\\\/\\\/sinfullymag.com\\\/#\\\/schema\\\/person\\\/8dc8ae8f559903156b413567c01b7fd5\"},\"headline\":\"Daniel Villagra: del Campeonato Nacional al Mundial de Downhill M\u00e1ster, el orgullo chileno del mountain bike\",\"datePublished\":\"2026-04-15T19:18:48+00:00\",\"dateModified\":\"2026-05-18T11:56:00+00:00\",\"mainEntityOfPage\":{\"@id\":\"https:\\\/\\\/sinfullymag.com\\\/daniel-villagra-pedalea-libre-mundial-downhill-master\\\/\"},\"wordCount\":1133,\"commentCount\":0,\"publisher\":{\"@id\":\"https:\\\/\\\/sinfullymag.com\\\/#organization\"},\"image\":{\"@id\":\"https:\\\/\\\/sinfullymag.com\\\/daniel-villagra-pedalea-libre-mundial-downhill-master\\\/#primaryimage\"},\"thumbnailUrl\":\"https:\\\/\\\/sinfullymag.com\\\/wp-content\\\/uploads\\\/Dani-al-mundial.jpg\",\"keywords\":[\"Campeonato Mundial M\u00e1ster\",\"ciclismo de monta\u00f1a\",\"ciclismo extremo\",\"clases de downhill\",\"comunidad mountain bike\",\"Daniel Villagra\",\"Daniel Villagra mountain bike\",\"deporte outdoor\",\"descenso en bicicleta\",\"downhill\",\"downhill chileno\",\"downhill m\u00e1ster\",\"Master A\",\"mountain bike\",\"Mundial de Downhill M\u00e1ster\",\"Pedalea Libre\",\"Pedalea Libre Chile\",\"referente del downhill chileno\",\"rider chileno\",\"tours de mountain bike\"],\"articleSection\":[\"Personas &amp; Conversaciones\"],\"inLanguage\":\"en-US\",\"potentialAction\":[{\"@type\":\"CommentAction\",\"name\":\"Comment\",\"target\":[\"https:\\\/\\\/sinfullymag.com\\\/daniel-villagra-pedalea-libre-mundial-downhill-master\\\/#respond\"]}]},{\"@type\":\"WebPage\",\"@id\":\"https:\\\/\\\/sinfullymag.com\\\/daniel-villagra-pedalea-libre-mundial-downhill-master\\\/\",\"url\":\"https:\\\/\\\/sinfullymag.com\\\/daniel-villagra-pedalea-libre-mundial-downhill-master\\\/\",\"name\":\"Daniel Villagra: del Campeonato Nacional al Mundial de Downhill M\u00e1ster, el orgullo chileno del mountain bike -\",\"isPartOf\":{\"@id\":\"https:\\\/\\\/sinfullymag.com\\\/#website\"},\"primaryImageOfPage\":{\"@id\":\"https:\\\/\\\/sinfullymag.com\\\/daniel-villagra-pedalea-libre-mundial-downhill-master\\\/#primaryimage\"},\"image\":{\"@id\":\"https:\\\/\\\/sinfullymag.com\\\/daniel-villagra-pedalea-libre-mundial-downhill-master\\\/#primaryimage\"},\"thumbnailUrl\":\"https:\\\/\\\/sinfullymag.com\\\/wp-content\\\/uploads\\\/Dani-al-mundial.jpg\",\"datePublished\":\"2026-04-15T19:18:48+00:00\",\"dateModified\":\"2026-05-18T11:56:00+00:00\",\"description\":\"Daniel Villagra, fundador de Pedalea Libre, llev\u00f3 su talento del campeonato al Mundial de downhill m\u00e1ster. Conoce su resultado, su historia y c\u00f3mo tambi\u00e9n gu\u00eda tours y da clases de mountain bike.\",\"breadcrumb\":{\"@id\":\"https:\\\/\\\/sinfullymag.com\\\/daniel-villagra-pedalea-libre-mundial-downhill-master\\\/#breadcrumb\"},\"inLanguage\":\"en-US\",\"potentialAction\":[{\"@type\":\"ReadAction\",\"target\":[\"https:\\\/\\\/sinfullymag.com\\\/daniel-villagra-pedalea-libre-mundial-downhill-master\\\/\"]}]},{\"@type\":\"ImageObject\",\"inLanguage\":\"en-US\",\"@id\":\"https:\\\/\\\/sinfullymag.com\\\/daniel-villagra-pedalea-libre-mundial-downhill-master\\\/#primaryimage\",\"url\":\"https:\\\/\\\/sinfullymag.com\\\/wp-content\\\/uploads\\\/Dani-al-mundial.jpg\",\"contentUrl\":\"https:\\\/\\\/sinfullymag.com\\\/wp-content\\\/uploads\\\/Dani-al-mundial.jpg\",\"width\":1157,\"height\":1591,\"caption\":\"Daniel Villagra, fundador de Pedalea Libre, en plena acci\u00f3n durante su participaci\u00f3n en el Mundial M\u00e1ster de downhill.\"},{\"@type\":\"BreadcrumbList\",\"@id\":\"https:\\\/\\\/sinfullymag.com\\\/daniel-villagra-pedalea-libre-mundial-downhill-master\\\/#breadcrumb\",\"itemListElement\":[{\"@type\":\"ListItem\",\"position\":1,\"name\":\"Inicio\",\"item\":\"https:\\\/\\\/sinfullymag.com\\\/\"},{\"@type\":\"ListItem\",\"position\":2,\"name\":\"Daniel Villagra: del Campeonato Nacional al Mundial de Downhill M\u00e1ster, el orgullo chileno del mountain bike\"}]},{\"@type\":\"WebSite\",\"@id\":\"https:\\\/\\\/sinfullymag.com\\\/#website\",\"url\":\"https:\\\/\\\/sinfullymag.com\\\/\",\"name\":\"\",\"description\":\"\",\"publisher\":{\"@id\":\"https:\\\/\\\/sinfullymag.com\\\/#organization\"},\"alternateName\":\"TSS\",\"potentialAction\":[{\"@type\":\"SearchAction\",\"target\":{\"@type\":\"EntryPoint\",\"urlTemplate\":\"https:\\\/\\\/sinfullymag.com\\\/?s={search_term_string}\"},\"query-input\":{\"@type\":\"PropertyValueSpecification\",\"valueRequired\":true,\"valueName\":\"search_term_string\"}}],\"inLanguage\":\"en-US\"},{\"@type\":\"Organization\",\"@id\":\"https:\\\/\\\/sinfullymag.com\\\/#organization\",\"name\":\"The Sinful Society SpA\",\"alternateName\":\"The Sinful Society\",\"url\":\"https:\\\/\\\/sinfullymag.com\\\/\",\"logo\":{\"@type\":\"ImageObject\",\"inLanguage\":\"en-US\",\"@id\":\"https:\\\/\\\/sinfullymag.com\\\/#\\\/schema\\\/logo\\\/image\\\/\",\"url\":\"https:\\\/\\\/sinfullymag.com\\\/wp-content\\\/uploads\\\/Logo-HD-TSS-con-Letras--e1696201980518.png\",\"contentUrl\":\"https:\\\/\\\/sinfullymag.com\\\/wp-content\\\/uploads\\\/Logo-HD-TSS-con-Letras--e1696201980518.png\",\"width\":72,\"height\":72,\"caption\":\"The Sinful Society SpA\"},\"image\":{\"@id\":\"https:\\\/\\\/sinfullymag.com\\\/#\\\/schema\\\/logo\\\/image\\\/\"},\"sameAs\":[\"https:\\\/\\\/web.facebook.com\\\/sinfulsocietycl\",\"https:\\\/\\\/x.com\\\/SocietySinful\",\"https:\\\/\\\/www.youtube.com\\\/channel\\\/UC5p6At3_PDuzuT5jHxqH-Rg\"]},{\"@type\":\"Person\",\"@id\":\"https:\\\/\\\/sinfullymag.com\\\/#\\\/schema\\\/person\\\/8dc8ae8f559903156b413567c01b7fd5\",\"name\":\"Diego\",\"image\":{\"@type\":\"ImageObject\",\"inLanguage\":\"en-US\",\"@id\":\"https:\\\/\\\/secure.gravatar.com\\\/avatar\\\/f969525a6efba66c654fc71749bff821c685a37c28441c23dde431e0ae2f83c1?s=96&d=mm&r=r\",\"url\":\"https:\\\/\\\/secure.gravatar.com\\\/avatar\\\/f969525a6efba66c654fc71749bff821c685a37c28441c23dde431e0ae2f83c1?s=96&d=mm&r=r\",\"contentUrl\":\"https:\\\/\\\/secure.gravatar.com\\\/avatar\\\/f969525a6efba66c654fc71749bff821c685a37c28441c23dde431e0ae2f83c1?s=96&d=mm&r=r\",\"caption\":\"Diego\"},\"sameAs\":[\"https:\\\/\\\/sinfullymag.com\"],\"url\":\"https:\\\/\\\/sinfullymag.com\\\/en_us\\\/mi-perfil\\\/?uid=1\"}]}<\/script>\n<!-- \/ Yoast SEO plugin. -->","yoast_head_json":{"title":"Daniel Villagra: del Campeonato Nacional al Mundial de Downhill M\u00e1ster, el orgullo chileno del mountain bike -","description":"Daniel Villagra, fundador de Pedalea Libre, llev\u00f3 su talento del campeonato al Mundial de downhill m\u00e1ster. Conoce su resultado, su historia y c\u00f3mo tambi\u00e9n gu\u00eda tours y da clases de mountain bike.","robots":{"index":"index","follow":"follow","max-snippet":"max-snippet:-1","max-image-preview":"max-image-preview:large","max-video-preview":"max-video-preview:-1"},"canonical":"https:\/\/sinfullymag.com\/en_us\/daniel-villagra-pedalea-libre-mundial-downhill-master\/","og_locale":"en_US","og_type":"article","og_title":"Daniel Villagra: del Campeonato Nacional al Mundial de Downhill M\u00e1ster, el orgullo chileno del mountain bike -","og_description":"Daniel Villagra, fundador de Pedalea Libre, llev\u00f3 su talento del campeonato al Mundial de downhill m\u00e1ster. Conoce su resultado, su historia y c\u00f3mo tambi\u00e9n gu\u00eda tours y da clases de mountain bike.","og_url":"https:\/\/sinfullymag.com\/en_us\/daniel-villagra-pedalea-libre-mundial-downhill-master\/","article_publisher":"https:\/\/web.facebook.com\/sinfulsocietycl","article_published_time":"2026-04-15T19:18:48+00:00","article_modified_time":"2026-05-18T11:56:00+00:00","og_image":[{"width":1157,"height":1591,"url":"https:\/\/sinfullymag.com\/wp-content\/uploads\/Dani-al-mundial.jpg","type":"image\/jpeg"}],"author":"Diego","twitter_card":"summary_large_image","twitter_creator":"@SocietySinful","twitter_site":"@SocietySinful","twitter_misc":{"Written by":"Diego","Est. reading time":"6 minutes"},"schema":{"@context":"https:\/\/schema.org","@graph":[{"@type":"Article","@id":"https:\/\/sinfullymag.com\/daniel-villagra-pedalea-libre-mundial-downhill-master\/#article","isPartOf":{"@id":"https:\/\/sinfullymag.com\/daniel-villagra-pedalea-libre-mundial-downhill-master\/"},"author":{"name":"Diego","@id":"https:\/\/sinfullymag.com\/#\/schema\/person\/8dc8ae8f559903156b413567c01b7fd5"},"headline":"Daniel Villagra: del Campeonato Nacional al Mundial de Downhill M\u00e1ster, el orgullo chileno del mountain bike","datePublished":"2026-04-15T19:18:48+00:00","dateModified":"2026-05-18T11:56:00+00:00","mainEntityOfPage":{"@id":"https:\/\/sinfullymag.com\/daniel-villagra-pedalea-libre-mundial-downhill-master\/"},"wordCount":1133,"commentCount":0,"publisher":{"@id":"https:\/\/sinfullymag.com\/#organization"},"image":{"@id":"https:\/\/sinfullymag.com\/daniel-villagra-pedalea-libre-mundial-downhill-master\/#primaryimage"},"thumbnailUrl":"https:\/\/sinfullymag.com\/wp-content\/uploads\/Dani-al-mundial.jpg","keywords":["Campeonato Mundial M\u00e1ster","ciclismo de monta\u00f1a","ciclismo extremo","clases de downhill","comunidad mountain bike","Daniel Villagra","Daniel Villagra mountain bike","deporte outdoor","descenso en bicicleta","downhill","downhill chileno","downhill m\u00e1ster","Master A","mountain bike","Mundial de Downhill M\u00e1ster","Pedalea Libre","Pedalea Libre Chile","referente del downhill chileno","rider chileno","tours de mountain bike"],"articleSection":["Personas &amp; Conversaciones"],"inLanguage":"en-US","potentialAction":[{"@type":"CommentAction","name":"Comment","target":["https:\/\/sinfullymag.com\/daniel-villagra-pedalea-libre-mundial-downhill-master\/#respond"]}]},{"@type":"WebPage","@id":"https:\/\/sinfullymag.com\/daniel-villagra-pedalea-libre-mundial-downhill-master\/","url":"https:\/\/sinfullymag.com\/daniel-villagra-pedalea-libre-mundial-downhill-master\/","name":"Daniel Villagra: del Campeonato Nacional al Mundial de Downhill M\u00e1ster, el orgullo chileno del mountain bike -","isPartOf":{"@id":"https:\/\/sinfullymag.com\/#website"},"primaryImageOfPage":{"@id":"https:\/\/sinfullymag.com\/daniel-villagra-pedalea-libre-mundial-downhill-master\/#primaryimage"},"image":{"@id":"https:\/\/sinfullymag.com\/daniel-villagra-pedalea-libre-mundial-downhill-master\/#primaryimage"},"thumbnailUrl":"https:\/\/sinfullymag.com\/wp-content\/uploads\/Dani-al-mundial.jpg","datePublished":"2026-04-15T19:18:48+00:00","dateModified":"2026-05-18T11:56:00+00:00","description":"Daniel Villagra, fundador de Pedalea Libre, llev\u00f3 su talento del campeonato al Mundial de downhill m\u00e1ster. Conoce su resultado, su historia y c\u00f3mo tambi\u00e9n gu\u00eda tours y da clases de mountain bike.","breadcrumb":{"@id":"https:\/\/sinfullymag.com\/daniel-villagra-pedalea-libre-mundial-downhill-master\/#breadcrumb"},"inLanguage":"en-US","potentialAction":[{"@type":"ReadAction","target":["https:\/\/sinfullymag.com\/daniel-villagra-pedalea-libre-mundial-downhill-master\/"]}]},{"@type":"ImageObject","inLanguage":"en-US","@id":"https:\/\/sinfullymag.com\/daniel-villagra-pedalea-libre-mundial-downhill-master\/#primaryimage","url":"https:\/\/sinfullymag.com\/wp-content\/uploads\/Dani-al-mundial.jpg","contentUrl":"https:\/\/sinfullymag.com\/wp-content\/uploads\/Dani-al-mundial.jpg","width":1157,"height":1591,"caption":"Daniel Villagra, fundador de Pedalea Libre, en plena acci\u00f3n durante su participaci\u00f3n en el Mundial M\u00e1ster de downhill."},{"@type":"BreadcrumbList","@id":"https:\/\/sinfullymag.com\/daniel-villagra-pedalea-libre-mundial-downhill-master\/#breadcrumb","itemListElement":[{"@type":"ListItem","position":1,"name":"Inicio","item":"https:\/\/sinfullymag.com\/"},{"@type":"ListItem","position":2,"name":"Daniel Villagra: del Campeonato Nacional al Mundial de Downhill M\u00e1ster, el orgullo chileno del mountain bike"}]},{"@type":"WebSite","@id":"https:\/\/sinfullymag.com\/#website","url":"https:\/\/sinfullymag.com\/","name":"","description":"","publisher":{"@id":"https:\/\/sinfullymag.com\/#organization"},"alternateName":"TSS","potentialAction":[{"@type":"SearchAction","target":{"@type":"EntryPoint","urlTemplate":"https:\/\/sinfullymag.com\/?s={search_term_string}"},"query-input":{"@type":"PropertyValueSpecification","valueRequired":true,"valueName":"search_term_string"}}],"inLanguage":"en-US"},{"@type":"Organization","@id":"https:\/\/sinfullymag.com\/#organization","name":"The Sinful Society SpA","alternateName":"The Sinful Society","url":"https:\/\/sinfullymag.com\/","logo":{"@type":"ImageObject","inLanguage":"en-US","@id":"https:\/\/sinfullymag.com\/#\/schema\/logo\/image\/","url":"https:\/\/sinfullymag.com\/wp-content\/uploads\/Logo-HD-TSS-con-Letras--e1696201980518.png","contentUrl":"https:\/\/sinfullymag.com\/wp-content\/uploads\/Logo-HD-TSS-con-Letras--e1696201980518.png","width":72,"height":72,"caption":"The Sinful Society SpA"},"image":{"@id":"https:\/\/sinfullymag.com\/#\/schema\/logo\/image\/"},"sameAs":["https:\/\/web.facebook.com\/sinfulsocietycl","https:\/\/x.com\/SocietySinful","https:\/\/www.youtube.com\/channel\/UC5p6At3_PDuzuT5jHxqH-Rg"]},{"@type":"Person","@id":"https:\/\/sinfullymag.com\/#\/schema\/person\/8dc8ae8f559903156b413567c01b7fd5","name":"Diego","image":{"@type":"ImageObject","inLanguage":"en-US","@id":"https:\/\/secure.gravatar.com\/avatar\/f969525a6efba66c654fc71749bff821c685a37c28441c23dde431e0ae2f83c1?s=96&d=mm&r=r","url":"https:\/\/secure.gravatar.com\/avatar\/f969525a6efba66c654fc71749bff821c685a37c28441c23dde431e0ae2f83c1?s=96&d=mm&r=r","contentUrl":"https:\/\/secure.gravatar.com\/avatar\/f969525a6efba66c654fc71749bff821c685a37c28441c23dde431e0ae2f83c1?s=96&d=mm&r=r","caption":"Diego"},"sameAs":["https:\/\/sinfullymag.com"],"url":"https:\/\/sinfullymag.com\/en_us\/mi-perfil\/?uid=1"}]}},"_links":{"self":[{"href":"https:\/\/sinfullymag.com\/en_us\/wp-json\/wp\/v2\/posts\/3628","targetHints":{"allow":["GET"]}}],"collection":[{"href":"https:\/\/sinfullymag.com\/en_us\/wp-json\/wp\/v2\/posts"}],"about":[{"href":"https:\/\/sinfullymag.com\/en_us\/wp-json\/wp\/v2\/types\/post"}],"author":[{"embeddable":true,"href":"https:\/\/sinfullymag.com\/en_us\/wp-json\/wp\/v2\/users\/1"}],"replies":[{"embeddable":true,"href":"https:\/\/sinfullymag.com\/en_us\/wp-json\/wp\/v2\/comments?post=3628"}],"version-history":[{"count":4,"href":"https:\/\/sinfullymag.com\/en_us\/wp-json\/wp\/v2\/posts\/3628\/revisions"}],"predecessor-version":[{"id":3659,"href":"https:\/\/sinfullymag.com\/en_us\/wp-json\/wp\/v2\/posts\/3628\/revisions\/3659"}],"wp:featuredmedia":[{"embeddable":true,"href":"https:\/\/sinfullymag.com\/en_us\/wp-json\/wp\/v2\/media\/3630"}],"wp:attachment":[{"href":"https:\/\/sinfullymag.com\/en_us\/wp-json\/wp\/v2\/media?parent=3628"}],"wp:term":[{"taxonomy":"category","embeddable":true,"href":"https:\/\/sinfullymag.com\/en_us\/wp-json\/wp\/v2\/categories?post=3628"},{"taxonomy":"post_tag","embeddable":true,"href":"https:\/\/sinfullymag.com\/en_us\/wp-json\/wp\/v2\/tags?post=3628"}],"curies":[{"name":"wp","href":"https:\/\/api.w.org\/{rel}","templated":true}]}}